{"id":123849,"date":"2019-09-04T15:00:58","date_gmt":"2019-09-04T13:00:58","guid":{"rendered":"https:\/\/www.herold.at\/blog\/?p=123849"},"modified":"2022-06-01T16:50:17","modified_gmt":"2022-06-01T14:50:17","slug":"bauchdeckenstraffung-oesterreich-kosten-krankenkasse","status":"publish","type":"post","link":"https:\/\/www.herold.at\/blog\/bauchdeckenstraffung-oesterreich-kosten-krankenkasse\/","title":{"rendered":"Bauchdeckenstraffung in \u00d6sterreich: Was kostet es, wer zahlt?"},"content":{"rendered":"<figure id=\"attachment_174923\" aria-describedby=\"caption-attachment-174923\" style=\"width: 830px\" class=\"wp-caption alignnone\"><a href=\"https:\/\/www.herold.at\/blog\/wp-content\/uploads\/2018\/11\/Bauchdeckenstraffung-Adobe-Stock-c-andriano_cz-1.jpg\"><img decoding=\"async\" loading=\"lazy\" class=\"wp-image-174923 size-full\" src=\"https:\/\/www.herold.at\/blog\/wp-content\/uploads\/2018\/11\/Bauchdeckenstraffung-Adobe-Stock-c-andriano_cz-1.jpg\" alt=\"Chirurg zeichnet Schnittrichtung f\u00fcr Bauchdeckenstraffung auf dem Bauch einer jungen Frau vor.\" width=\"830\" height=\"310\" srcset=\"https:\/\/www.herold.at\/blog\/wp-content\/uploads\/2018\/11\/Bauchdeckenstraffung-Adobe-Stock-c-andriano_cz-1.jpg 830w, https:\/\/www.herold.at\/blog\/wp-content\/uploads\/2018\/11\/Bauchdeckenstraffung-Adobe-Stock-c-andriano_cz-1-300x112.jpg 300w, https:\/\/www.herold.at\/blog\/wp-content\/uploads\/2018\/11\/Bauchdeckenstraffung-Adobe-Stock-c-andriano_cz-1-768x287.jpg 768w\" sizes=\"(max-width: 830px) 100vw, 830px\" \/><\/a><figcaption id=\"caption-attachment-174923\" class=\"wp-caption-text\">Die Kosten f\u00fcr eine Bauchdeckenstraffung werden unter bestimmten Voraussetzungen von der Krankenkasse \u00fcbernommen. Foto: Adobe Stock, (c) andriano_cz<\/figcaption><\/figure>\n<p>Manchmal ist er eine Folge\u00a0der Schwangerschaft, manchmal entsteht er durch massiven Gewichtsverlust: der <strong>H\u00e4ngebauch<\/strong>. Was f\u00fcr viele nur ein \u00e4sthetisches Problem ist, kann durch Hautreizungen oder Einschr\u00e4nkungen in der Bewegungsfreiheit durchaus auch zum<strong> medizinischen Problem<\/strong> werden. Wir haben recherchiert, in welchen F\u00e4llen eine <strong>Bauchdeckenstraffung<\/strong> sinnvoll ist, wie die Operation abl\u00e4uft und mit <strong>welchen Kosten<\/strong> du rechnen musst. Au\u00dferdem erf\u00e4hrst du bei uns, wann die\u00a0Bauchdeckenstraffung in \u00d6sterreich von der <strong>Krankenkasse<\/strong>\u00a0bezahlt wird.<\/p>\n\n<h2>Bauchdeckenstraffung: Was ist das?<\/h2>\n<p>Die Bauchdeckenstraffung (englisch <em>Tummy Tuck<\/em>), auch\u00a0<em>Bauchdeckenplastik\u00a0<\/em>oder\u00a0<em>Abdominoplastik<\/em>\u00a0genannt, ist ein <strong>chirurgischer Eingriff zur Straffung der Bauchdecke<\/strong> nach Schwangerschaften oder gro\u00dfem Gewichtsverlust. Die Operation, bei der die \u00fcbersch\u00fcssige Haut inklusive Dehnungsstreifen entfernt wird, wird h\u00e4ufig in Kombination mit einer <strong>Fettabsaugung<\/strong> vorgenommen. Das ist\u00a0zum Beispiel dann notwendig, wenn sich das Fettgewebe am Bauch trotz gewissenhafter Ern\u00e4hrungsumstellung und k\u00f6rperlichem Training als besonders hartn\u00e4ckig erweist. Je nach Auspr\u00e4gung kann es auch notwendig sein, unter der Operation\u00a0die<strong>\u00a0geraden Bauchmuskeln wieder zusammenzuf\u00fchren<\/strong> (Korrektur der <em>Rektusdiastase<\/em>).<\/p>\n<div class=\"content-box-yellow\"><strong>Achtung!<\/strong>\u00a0Eine Bauchdeckenstraffung ist, genau wie die\u00a0<em><a href=\"https:\/\/www.herold.at\/blog\/fett-weg-spritze-wien\/\" target=\"_blank\" rel=\"noopener noreferrer\">Fett weg Spritze<\/a><\/em>, KEIN Mittel zur Gewichtsreduktion. Sie sollte grunds\u00e4tzlich erst dann vorgenommen werden, wenn keine weiteren Schwangerschaften mehr geplant sind beziehungsweise wenn das Zielgewicht erreicht ist.<\/div>\n<h3>Was wird bei der Bauchdeckenstraffung gemacht?<\/h3>\n<p>Nat\u00fcrlich ist es ein wesentlicher Unterschied, ob eine Frau nach der Schwangerschaft lediglich mit schlaffer Haut am Unterbauch zu k\u00e4mpfen hat, oder ob eine <strong>gro\u00dffl\u00e4chige Fettsch\u00fcrze<\/strong> entfernt werden muss. Dementsprechend ist jede Bauchdeckenstraffung individuell und mit unterschiedlich hohem Aufwand sowie eventuell notwendigen <strong>Zusatzma\u00dfnahmen<\/strong> verbunden. Grunds\u00e4tzlich unterscheidet man hier zwischen der\u00a0<strong>Mini-Abdominoplastik<\/strong> (kleiner, tief sitzender Schnitt, keine Bauchnabel-Versetzung), der\u00a0<strong>Medi-Abdominoplastik<\/strong> (Nabel-Versetzung, Hautschnitt maximal 20 cm) und der\u00a0<strong>Maxi-Abdominoplastik.\u00a0<\/strong>Die Maxi-Abdominoplastik ist die am h\u00e4ufigsten durchgef\u00fchrte Variante der Bauchdeckenstraffung, weshalb sie auch als<em> Klassische Abdominalplastik<\/em> bezeichnet wird.<\/p>\n<h3>Klassische Bauchdeckenstraffung<\/h3>\n<p>Bei dieser Operation hebt der Chirurg die Haut <strong>vom Unterbauch bis zum Rippenbogen<\/strong> an, strafft sie nach unten hin und entfernt den Gewebe\u00fcberschuss. Anschlie\u00dfend muss der<strong>\u00a0Nabel neu implantiert<\/strong> werden. Bei dieser Form der Bauchdeckenstraffung k\u00f6nnen auch <strong>zus\u00e4tzliche Ma\u00dfnahmen<\/strong> wie Fettabsaugung, Zusammenf\u00fchren der geraden Bauchmuskeln oder <strong>Einn\u00e4her an den Muskelfaszien<\/strong> (f\u00fchrt zu einer Verkleinerung des Bauchumfangs) durchgef\u00fchrt werden. Das folgende Video zeigt eine klassische Bauchdeckenstraffung. Aber Vorsicht: nichts f\u00fcr schwache Nerven!<\/p>\n<div class=\"video-block\"><iframe loading=\"lazy\" src=\"https:\/\/www.youtube-nocookie.com\/embed\/DIGj_cq0yHU\" width=\"560\" height=\"315\" frameborder=\"0\" allowfullscreen=\"allowfullscreen\"><\/iframe><\/div>\n<h3>Bauchdeckenstraffung: Wie lange dauert die OP?<\/h3>\n<p>Wie lange die Bauchdeckenstraffung OP dauert ist davon abh\u00e4ngig, was genau gemacht wird. Die Mini-Abdominoplastik\u00a0dauert normalerweise nicht l\u00e4nger als <strong>eine Stunde<\/strong> und wird manchmal sogar unter lokaler Bet\u00e4ubung oder leichtem D\u00e4mmerschlaf durchgef\u00fchrt. Die klassische Bauchdeckenstraffung kann, je nach Zusatzma\u00dfnahmen,<strong> bis zu drei Stunden<\/strong> dauern und wird grunds\u00e4tzlich unter Vollnarkose durchgef\u00fchrt.<\/p>\n<p>Nach dem Eingriff wird eine <strong>Wund-Drainage<\/strong> zur Ableitung von Blut und Gewebefl\u00fcssigkeit eingelegt und die Schnitte werden mit<strong> feinen N\u00e4hten verschlossen<\/strong> und zus\u00e4tzlich mit Nahtpflaster (<em>Steristrips<\/em>) verklebt. Je nach Umfang der Operation kannst du das Krankenhaus nach einer bis drei N\u00e4chten wieder verlassen. Das Nahtmaterial wird normalerweise ambulant und je nach Nahttechnik\u00a07-10 Tage nach der OP entfernt.<\/p>\n<h3>Welche Risiken hat die Bauchdeckenstraffung OP?<\/h3>\n<p>Wie jeder chirurgische Eingriff birgt nat\u00fcrlich auch die Bauchdeckenstraffung\u00a0gewisse\u00a0Risiken, \u00fcber die du dir im Klaren sein solltest. Dazu z\u00e4hlen, neben den Gefahren, die eine Operation unter Vollnarkose eben immer mit sich bringt, vor allem <strong>Wundheilungsst\u00f6rungen im Nahtbereich<\/strong>, die schlimmstenfalls zur <strong>Nekrose<\/strong> des Gewebes f\u00fchren k\u00f6nnen. Dar\u00fcber hinaus kann es nach dem Eingriff zu <strong>Gef\u00fchlsst\u00f6rungen<\/strong> im operierten Bereich (verschwindet mit der\u00a0Regeneration der Nerven normalerweise wieder), Durchblutungsst\u00f6rungen am Nabel, Hautunregelm\u00e4\u00dfigkeiten und ungleichm\u00e4\u00dfiger oder <strong>\u00fcberschie\u00dfender Narbenbildung<\/strong> kommen. Dein Operateur wird dich im Vorfeld \u00fcber s\u00e4mtliche Risiken der Bauchdeckenstraffung informieren.<\/p>\n<h2>Kosten der\u00a0Bauchdeckenstraffung\u00a0in \u00d6sterreich<\/h2>\n<p>Es l\u00e4sst sich zwar nicht pauschal sagen, wie viel eine Bauchdeckenstraffung kostet, aber es gibt<strong> gute N\u00e4herungswerte<\/strong>. Grunds\u00e4tzlich h\u00e4ngen die Kosten nat\u00fcrlich davon ab,<strong> wie umfangreich der Eingriff ist<\/strong> (ob neben der Straffung noch weitere Ma\u00dfnahmen wie eine Fettabsaugung oder\u00a0Einn\u00e4her an den Muskelfaszien durchgef\u00fchrt werden), wie viel \u00fcbersch\u00fcssige Haut insgesamt entfernt werden muss und wie lang der anschlie\u00dfende Klinikaufenthalt sein wird. Grunds\u00e4tzlich musst du f\u00fcr die Bauchdeckenstraffung in \u00d6sterreich mit Kosten <strong>zwischen \u20ac 3.500 und \u20ac 7.000<\/strong> rechnen. Diese Kosten umfassen normalerweise folgende Leistungen:<\/p>\n<div class=\"content-box-yellow\">\n<ul>\n<li>s\u00e4mtliche notwendigen Voruntersuchungen<\/li>\n<li>Bauchdeckenstraffung inklusive Narkose, Verbandmaterial, Schmerzmittel usw.<\/li>\n<li>Nachsorge\/Wundkontrolle inklusive aller\u00a0notwendigen Materialien<\/li>\n<li>Entfernung der N\u00e4hte<\/li>\n<li>s\u00e4mtliche Verb\u00e4nde und Kompressionen<\/li>\n<\/ul>\n<\/div>\n<h3>\u00dcbernimmt die Krankenkasse die Kosten f\u00fcr die Bauchdeckenstraffung?<\/h3>\n<p>Die Bauchdeckenstraffung gilt im Allgemeinen als<strong> rein kosmetische Operation<\/strong> ohne medizinische Notwendigkeit. Dies gilt insbesondere f\u00fcr Bauchdeckenstraffungen nach Schwangerschaften, die h\u00e4ufig im Rahmen eines sogenannten\u00a0<em>Mommy Makeovers\u00a0<\/em>durchgef\u00fchrt werden. In diesen F\u00e4llen ist eine Kosten\u00fcbernahme durch die Krankenkasse grunds\u00e4tzlich\u00a0nicht m\u00f6glich. Wenn es <strong>medizinische Gr\u00fcnde<\/strong> f\u00fcr eine Bauchdeckenstraffung gibt, sieht die Sache allerdings anders aus.<\/p>\n<p>Laut Satzung der <a href=\"https:\/\/www.kgkk.at\/cdscontent\/?contentid=10007.698368\" target=\"_blank\" rel=\"noopener noreferrer nofollow\">K\u00e4rntner Gebietskrankenkasse<\/a> ist die GKK dazu verpflichtet, &#8220;<em>die Kosten f\u00fcr eine kosmetische Behandlung\/Operation dann zu \u00fcbernehmen, wenn diese Krankenbehandlung die Beseitigung anatomischer und funktioneller Krankheitszust\u00e4nde zur Folge hat<\/em>&#8220;. Eine medizinische Indikation ist zum Beispiel gegeben bei:<\/p>\n<ul>\n<li>einem massiven Haut\u00fcberschuss (Fettsch\u00fcrze) nach massiver Gewichtsabnahme, die unter anderem die Bewegungsf\u00e4higkeit einschr\u00e4nkt<\/li>\n<li>chronischen Hautentz\u00fcndungen (Wundsein) im Bereich der \u00fcbersch\u00fcssigen Haut<\/li>\n<li>diagnostizierten <a href=\"http:\/\/www.vis.usz.ch\/fachwissen\/hipec\/Seiten\/hernien.aspx\" target=\"_blank\" rel=\"noopener noreferrer nofollow\">Bauchwandhernien<\/a>\u00a0(= L\u00fccke in der Bauchwand)<\/li>\n<li>einer Rektusdiastase ab 5 cm (Auseinanderweichen der geraden Bauchmuskeln)<\/li>\n<\/ul>\n<div class=\"content-box-yellow\"><strong>\u00dcbrigens<\/strong>: In\u00a0seltenen F\u00e4llen wird auch eine<em> massive emotionale Belastung<\/em> als ausreichender Grund f\u00fcr eine Kosten\u00fcbernahme anerkannt. Hierf\u00fcr ist allerdings ein<em> unabh\u00e4ngiges psychologisches Gutachten<\/em> notwendig, das du aus eigener Tasche zahlen musst. Die Ausgaben f\u00fcr das Gutachten bekommst du auch dann NICHT erstattet, wenn dem Antrag stattgegeben wird.<\/div>\n<h3>Wie lange halten die Schmerzen nach der Bauchdeckenstraffung an?<\/h3>\n<p>Eine klassische Bauchdeckenstraffung, bei der auch die Bauchmuskulatur gerafft wird (Korrektur der\u00a0<em>Rektusdiastase)<\/em>, ist ein<strong> komplexer Eingriff<\/strong> mit einer gro\u00dffl\u00e4chigen Wunde. Vor allem die Schmerzen im Bereich der geraden Bauchmuskeln\u00a0werden von vielen Patienten als sehr unangenehm empfunden und k\u00f6nnen unter Umst\u00e4nden mehrere Wochen lang anhalten. Eine entsprechende<strong> Schmerzmedikation<\/strong> ist in den Leistungen des Anbieters\u00a0zwar inbegriffen, aber du solltest dich trotzdem darauf einstellen, dass du wahrscheinlich<strong> erst vier bis sechs Wochen nach der OP<\/strong> wieder komplett schmerzfrei bist.<\/p>\n<h3>Was f\u00fcr Narben entstehen durch die Bauchdeckenstraffung?<\/h3>\n<p>Die klassische Bauchdeckenstraffung mit Nabel-Versetzung hinterl\u00e4sst \u00fcblicherweise eine <strong>lange horizontale Narbe<\/strong>, die\u00a0von Beckenkamm zu Beckenkamm quer \u00fcber den Unterbauch verl\u00e4uft. Auch um den &#8220;neuen&#8221; Nabel herum verl\u00e4uft eine kleine Narbe. Diese Narben lassen sich zwar nicht verhindern, stellen f\u00fcr die meisten Patienten und Patientinnen aber auch <strong>kein gro\u00dfes Problem<\/strong> dar (die gro\u00dfe Narbe sitzt so tief, dass sie selbst im Bikini nicht sichtbar ist). Sollte die gro\u00dfe Narbe sich als <strong>druckempfindlich<\/strong> erweisen oder auf andere Weise Probleme bereiten, kann eine sogenannte <strong><em>Narbenentst\u00f6rung<\/em> <\/strong>helfen, die unter anderem von Physiotherapeuten durchgef\u00fchrt wird.<\/p>\n<figure id=\"attachment_124209\" aria-describedby=\"caption-attachment-124209\" style=\"width: 450px\" class=\"wp-caption alignnone\"><a href=\"https:\/\/www.herold.at\/blog\/wp-content\/uploads\/2018\/11\/Bauchdeckenstraffung-Adobe-Stock-c-Jamrooferpix.jpg.jpeg\"><img decoding=\"async\" loading=\"lazy\" class=\"wp-image-124209\" src=\"https:\/\/www.herold.at\/blog\/wp-content\/uploads\/2018\/11\/Bauchdeckenstraffung-Adobe-Stock-c-Jamrooferpix.jpg.jpeg\" alt=\"Weiblicher Bauch mit langer Narbe am Unterbauch von einer Bauchdeckenstraffung.\" width=\"450\" height=\"297\" srcset=\"https:\/\/www.herold.at\/blog\/wp-content\/uploads\/2018\/11\/Bauchdeckenstraffung-Adobe-Stock-c-Jamrooferpix.jpg.jpeg 5060w, https:\/\/www.herold.at\/blog\/wp-content\/uploads\/2018\/11\/Bauchdeckenstraffung-Adobe-Stock-c-Jamrooferpix.jpg-300x198.jpeg 300w, https:\/\/www.herold.at\/blog\/wp-content\/uploads\/2018\/11\/Bauchdeckenstraffung-Adobe-Stock-c-Jamrooferpix.jpg-768x508.jpeg 768w, https:\/\/www.herold.at\/blog\/wp-content\/uploads\/2018\/11\/Bauchdeckenstraffung-Adobe-Stock-c-Jamrooferpix.jpg-1024x677.jpeg 1024w, https:\/\/www.herold.at\/blog\/wp-content\/uploads\/2018\/11\/Bauchdeckenstraffung-Adobe-Stock-c-Jamrooferpix.jpg-500x330.jpeg 500w\" sizes=\"(max-width: 450px) 100vw, 450px\" \/><\/a><figcaption id=\"caption-attachment-124209\" class=\"wp-caption-text\">Eine operative Bauchdeckenstraffung ohne Narben ist nicht m\u00f6glich. Sie werden mit der Zeit allerdings immer flacher und heller. Foto: Adobe Stock, (c) Jamrooferpix<\/figcaption><\/figure>\n<h3>Wie lange\u00a0Krankenstand nach Bauchdeckenstraffung?<\/h3>\n<p>Da es sich bei der Bauchdeckenstraffung um einen recht gro\u00dfen Eingriff handelt und dein K\u00f6rper Zeit zum Heilen braucht, bist du, je nach Umfang der Operation, erst <strong>zehn bis 14 Tage nach dem Eingriff<\/strong> wieder arbeitsf\u00e4hig (Schreibtischarbeit). Wenn du einen Beruf hast, in dem du k\u00f6rperlich arbeitest, sollte die Auszeit entsprechend l\u00e4nger sein. <strong>Wichtig<\/strong>: Wer die Bauchdeckenstraffung OHNE medizinische Indikation durchf\u00fchren l\u00e4sst, hat <strong>keinen Anspruch auf Krankschreibung<\/strong> und muss f\u00fcr die Genesungszeit entsprechend <strong>Urlaub nehmen<\/strong>. Gleiches gilt f\u00fcr die medizinische Behandlung von etwaigen Komplikationen. Wenn du den Eingriff also aus \u00e4sthetischen Gr\u00fcnden vornehmen l\u00e4sst, solltest du deinen Arbeitgeber fr\u00fchzeitig \u00fcber deine Abwesenheit informieren.<\/p>\n<h3>Wie lange Bauchmieder nach Tummy Tuck?<\/h3>\n<p>Nach der Bauchdeckenstraffung musst du etwa <strong>sechs bis acht Wochen<\/strong> lang ein spezielles Mieder (auch <em>Bauchgurt <\/em>oder<em> Bauchbinde<\/em> genannt) tragen. Das <strong>Bauchmieder<\/strong> sitzt recht fest und sorgt daf\u00fcr, dass sich der Druck gleichm\u00e4\u00dfig auf den gesamten operierten Bereich verteilt. Es gibt der Bauchwand zwar nicht, wie viele glauben, zus\u00e4tzliche Stabilit\u00e4t, aber es unterst\u00fctzt die innere und \u00e4u\u00dfere Wundheilung und sorgt f\u00fcr eine <strong>gleichm\u00e4\u00dfige Narbenbildung<\/strong>.<\/p>\n<figure id=\"attachment_174929\" aria-describedby=\"caption-attachment-174929\" style=\"width: 830px\" class=\"wp-caption alignnone\"><a href=\"https:\/\/www.herold.at\/blog\/wp-content\/uploads\/2018\/11\/Bauchdeckenstraffung-Adobe-Stock-c-reineg-1.jpg\"><img decoding=\"async\" loading=\"lazy\" class=\"wp-image-174929 size-full\" src=\"https:\/\/www.herold.at\/blog\/wp-content\/uploads\/2018\/11\/Bauchdeckenstraffung-Adobe-Stock-c-reineg-1.jpg\" alt=\"Medizinische Grafik, die links ein normales Abdomen zeigt und rechts ein Abdomen mit auseinandergewichenen geraden Bauchmuskeln (Rektusdiastase).\" width=\"830\" height=\"410\" srcset=\"https:\/\/www.herold.at\/blog\/wp-content\/uploads\/2018\/11\/Bauchdeckenstraffung-Adobe-Stock-c-reineg-1.jpg 830w, https:\/\/www.herold.at\/blog\/wp-content\/uploads\/2018\/11\/Bauchdeckenstraffung-Adobe-Stock-c-reineg-1-300x148.jpg 300w, https:\/\/www.herold.at\/blog\/wp-content\/uploads\/2018\/11\/Bauchdeckenstraffung-Adobe-Stock-c-reineg-1-768x379.jpg 768w\" sizes=\"(max-width: 830px) 100vw, 830px\" \/><\/a><figcaption id=\"caption-attachment-174929\" class=\"wp-caption-text\">Bei der Rektusdiastase weichen die geraden Bauchmuskeln auseinander. Bei der Bauchdeckenstraffung kann dies korrigiert werden. Adobe Stock, (c) reineg<\/figcaption><\/figure>\n<h3>Wie lange kein Sport nach der Bauchdeckenstraffung?<\/h3>\n<p>Sobald du die Klinik verlassen hast, sind kleine Spazierg\u00e4nge ideal, um den Kreislauf zu stabilisieren. Allerdings ist es wichtig, in den<strong> ersten sechs Wochen<\/strong> auf s\u00e4mtliche Aktivit\u00e4ten zu verzichten, die die Bauchdecke belasten (schweres Heben etc.). Bei einem guten Heilungsverlauf kannst du nach\u00a0etwa vier Wochen mit <strong>Radfahren oder Walking<\/strong> langsam wieder in den Sport einsteigen. Mit st\u00e4rker belastenden Sportarten wie<strong> Joggen<\/strong> solltest du jedoch mindestens sechs Wochen warten. Krafttraining und Leistungssport sind <strong>fr\u00fchestens drei Monate nach<\/strong> der Bauchdeckenstraffung ohne Risiko m\u00f6glich.<\/p>\n<h3>Wie lange Schwellung nach Bauchdeckenstraffung?<\/h3>\n<p>Bei einer Abdominoplastik, selbst bei der kleinen Variante, bei der lediglich der Unterbauch gestrafft wird, entstehen <strong>gro\u00dfe Wundfl\u00e4chen<\/strong>. Es ist also vollkommen normal, dass nach dem Eingriff <strong>massive Schwellungen<\/strong> auftreten. Diese fallen manchmal noch st\u00e4rker aus, wenn in Kombination mit der Bauchdeckenstraffung eine Fettabsaugung vorgenommen wird. Der Gro\u00dfteil der Schwellungen und Bluterg\u00fcsse klingt normalerweise nach<strong> zwei bis drei Wochen<\/strong> ab. Es kann allerdings <strong>bis zu sechs Monate<\/strong> dauern, bis du deinen Bauch in seiner endg\u00fcltigen Form betrachten kannst. Das Ergebnis h\u00e4ngt dabei nicht alleine vom Erfolg der Operation ab, sondern auch vom\u00a0Verlauf der Nachbehandlung.<\/p>\n<figure id=\"attachment_174947\" aria-describedby=\"caption-attachment-174947\" style=\"width: 830px\" class=\"wp-caption alignnone\"><a href=\"https:\/\/www.herold.at\/blog\/wp-content\/uploads\/2018\/11\/Bauchdeckenstraffung-Adobe-Stock-c-rangizzzz.jpg\"><img decoding=\"async\" loading=\"lazy\" class=\"wp-image-174947 size-full\" src=\"https:\/\/www.herold.at\/blog\/wp-content\/uploads\/2018\/11\/Bauchdeckenstraffung-Adobe-Stock-c-rangizzzz.jpg\" alt=\"Frauenh\u00e4nde, die sich in Herzform um ihren Bauchnabel legen. Bauchdeckenstraffung Kosten.\" width=\"830\" height=\"410\" srcset=\"https:\/\/www.herold.at\/blog\/wp-content\/uploads\/2018\/11\/Bauchdeckenstraffung-Adobe-Stock-c-rangizzzz.jpg 830w, https:\/\/www.herold.at\/blog\/wp-content\/uploads\/2018\/11\/Bauchdeckenstraffung-Adobe-Stock-c-rangizzzz-300x148.jpg 300w, https:\/\/www.herold.at\/blog\/wp-content\/uploads\/2018\/11\/Bauchdeckenstraffung-Adobe-Stock-c-rangizzzz-768x379.jpg 768w\" sizes=\"(max-width: 830px) 100vw, 830px\" \/><\/a><figcaption id=\"caption-attachment-174947\" class=\"wp-caption-text\">Endlich zufrieden mit dem eigenen K\u00f6rper: F\u00fcr viele Patienten bedeutet die Behandlung eine massive psychische Entlastung. Adobe Stock, (c) rangizzz<\/figcaption><\/figure>\n<h2>Bauchdeckenstraffung in \u00d6sterreich: Wo machen lassen?<\/h2>\n<p>Die Entscheidung f\u00fcr den richtigen Plastischen Chirurgen ist <strong>eine der wichtigsten Entscheidungen<\/strong>, die man im Leben trifft. Klingt theatralisch, ist aber wahr! Immerhin vertraust du deinem Operateur f\u00fcr ein paar Stunden dein Leben an. Insbesondere bei Bauchdeckenstraffungen ist es au\u00dferdem wichtig, einen Arzt mit <strong>sehr viel Erfahrung<\/strong> zu w\u00e4hlen. Nur Fach\u00e4rzte, die schon\u00a0zahlreiche Abdominoplastiken durchgef\u00fchrt haben, k\u00f6nnen unter der Operation einsch\u00e4tzen, mit welcher Schnittf\u00fchrung und welcher Nahttechnik sie <strong>das beste Ergebnis<\/strong> f\u00fcr die jeweilige Patientin erzielen.<\/p>\n<p>Aus diesem Grund sind Erfahrungsberichte und Bewertungen die wichtigste Informationsquelle f\u00fcr die Wahl deines Operateurs. Wir haben Plastische Chirurgen in ganz \u00d6sterreich recherchiert, die auf Herold.at <strong>gute und sehr gute Kundenbewertungen<\/strong> gesammelt haben.<\/p>\n<h3><a href=\"https:\/\/www.herold.at\/gelbe-seiten\/wien\/SPHHF\/pointinger-paul-dr\/\" target=\"_blank\" rel=\"noopener noreferrer\">Dr. Paul Pointinger<\/a> &#8211; Bauchdeckenstraffung in 1190 Wien<\/h3>\n<p>Dr. Pointinger praktiziert im 19. Wiener Gemeindebezirk und hat sich in Sachen Bauchdeckenstraffung auf die sogenannte <strong><em>Avelar Methode<\/em> <\/strong>spezialisiert. Hierbei handelt es sich um eine Bauchstraffung<strong> ohne Drainagen<\/strong>, die eine schnellere Heilung erm\u00f6glicht und (nach Aussage von Dr. Pointinger) auch geringere Schmerzen verursacht. Dr. Pointinger \u00fcberzeugt auf Herold.at mit<strong> 5 von 5 Sternen bei 17 Bewertungen<\/strong> und wird von vielen ehemaligen Patientinnen f\u00fcr sein Einf\u00fchlungsverm\u00f6gen gelobt:<\/p>\n<div class=\"content-box-yellow\">&#8220;F\u00fcr mich als zweifache, junge Mutter w\u00e4re ein mehrt\u00e4tiger Krankenhausaufenthalt undenkbar gewesen [&#8230;]. Da ich selber \u00c4rztin bin, wei\u00df ich aus eigener Erfahrung, dass progressiv denkende, kreative \u00c4rzte rar sind. Mit Dr. Pointinger erwartete mich ein ideenreicher, erfahrener Chirurg, der sowohl von \u00c4sthetik als auch vom chirurgischen Handwerk sehr viel versteht und durch jahrelange Praxis bestens erprobt ist. Der Eingriff verlief unproblematisch. Schmerzen hatte ich postoperativ keine.&#8221;<\/div>\n<p><a href=\"https:\/\/www.herold.at\/gelbe-seiten\/wien\/SPHHF\/pointinger-paul-dr\/\" target=\"_blank\" rel=\"noopener noreferrer\">Dr. Paul Pointinger in 1190 Wien<\/a><\/p>\n<h3><a href=\"https:\/\/www.herold.at\/gelbe-seiten\/eferding\/vwJ7n\/hillisch-andreas-dr\/\" target=\"_blank\" rel=\"noopener noreferrer\">Dr. Andreas Hillisch<\/a> &#8211; Bauchdeckenstraffung in Ober\u00f6sterreich<\/h3>\n<p>Dr. Andreas Hillisch ist Facharzt f\u00fcr Plastische und \u00c4sthetische Chirurgie im <strong>ober\u00f6sterreichischen Eferding<\/strong>. Er f\u00fchrt seine Praxis gemeinsam mit Gattin Reingard Hillisch, ihres Zeichens\u00a0Fach\u00e4rztin f\u00fcr Haut- und Geschlechtskrankheiten. Dr. Hillisch\u00a0wird von seinen Patientinnen vor allem f\u00fcr sein <strong>Einf\u00fchlungsverm\u00f6gen<\/strong> gelobt. Auf Herold.at schreibt eine ehemalige Patientin:<\/p>\n<div class=\"content-box-yellow\">&#8220;Wenn man eine Praxis mit medizinischer Fachkompetenz, Einf\u00fchlungsverm\u00f6gen und Menschlichkeit sucht, dann ist man bei Dr. Hillisch genau richtig! Erstgespr\u00e4ch, Behandlung und Nachbehandlung einfach TOP! Noch dazu ist das Ambiente und die medizinische Ausstattung auf oberstem Niveau! War mehr als zufrieden und kann Frau und Herrn Dr. Hillisch mit guten Gewissen weiter empfehlen!&#8221;<\/div>\n<p><a href=\"https:\/\/www.herold.at\/gelbe-seiten\/eferding\/vwJ7n\/hillisch-andreas-dr\/\" target=\"_blank\" rel=\"noopener noreferrer\">Dr. Andreas Hillisch in 4070 Eferding<\/a><\/p>\n<h3 class=\"mb-0\"><a href=\"https:\/\/www.herold.at\/gelbe-seiten\/linz\/Rfz5M\/dr-pilz-cosmedics-gmbh-dr-sebastian-pilz\/\" target=\"_blank\" rel=\"noopener noreferrer\">Dr. Pilz CosMedics GmbH<\/a> &#8211; Bauchdeckenstraffung in Linz<\/h3>\n<p class=\"mb-0\">Dr. Sebastian Pilz praktiziert in 4020 Linz und bietet neben der normalen Bauchstraffung auch dezidiert die <strong>Resektion von Fettsch\u00fcrzen<\/strong> an. Hierbei handelt es sich gleichsam um eine <strong>erweiterte Bauchdeckenstraffung<\/strong>, weil eine gr\u00f6\u00dfere Menge \u00fcbersch\u00fcssige Haut und Fettgewebe entfernt und h\u00e4ufig auch die geraden Bauchmuskeln wieder zusammengef\u00fchrt werden m\u00fcssen (Korrektur der\u00a0Rektusdiastase). Die zufriedene Kundschaft dankt es Dr. Pilz CosMedi mit<strong> 5 von 5 Sternen<\/strong> bei 7 Bewertungen auf Herold.at. Eine zufriedene Patientin schreibt:<\/p>\n<div class=\"content-box-yellow\">&#8220;Ich war bei dem Dr.Pilz wegen einer Beratung. Er war sehr einf\u00fchlsam und hat sich viel Zeit genommen und ist auf mein Problem gut eingegangen. Er hat mir geraten, die Operation erst in 2 Jahren machen zu lassen. Das werde ich sicher tun, weil ich mich bei ihm sehr wohlgef\u00fchlt hab.&#8221;<\/div>\n<p><a href=\"https:\/\/www.herold.at\/gelbe-seiten\/linz\/Rfz5M\/dr-pilz-cosmedics-gmbh-dr-sebastian-pilz\/\" target=\"_blank\" rel=\"noopener noreferrer\">Dr. Pilz CosMedi GmbH in 4020 Linz<\/a><\/p>\n<h3><a href=\"https:\/\/www.herold.at\/gelbe-seiten\/salzburg\/69TTS\/%C3%A4sthetische-plastische-chirurgie-dr-thurner\/\" target=\"_blank\" rel=\"noopener noreferrer\">\u00c4sthetische Plastische Chirurgie Dr. Thurner<\/a> &#8211; Bauchdeckenstraffung in Salzburg<\/h3>\n<p>Dr. Josef Thurner praktiziert in 5020 Salzburg und erreicht auf Herold.at <strong>5 von 5 Sternen<\/strong> bei 6 Bewertungen. Wir empfehlen Dr. Thurner unter anderem aufgrund seiner <strong>fachlichen Kompetenz<\/strong>. Der gerichtlich beeidete Sachverst\u00e4ndige ist unter anderem Fachobmann f\u00fcr\u00a0\u00c4sthetische Plastische Chirurgie in Salzburg, stellvertretender\u00a0<strong>Fachobmann f\u00fcr\u00a0\u00c4sthetische Plastische Chirurgie<\/strong> in gesamt \u00d6sterreich und\u00a0Belegarzt des Diakonie Krankenhaus Salzburg. Eine begeisterte ehemalige Patientin von Dr. Thurner schreibt auf Herold.at:<\/p>\n<div class=\"content-box-yellow\">&#8220;Dr. Thurner wurde mir von einigen Freundinnen empfohlen. [&#8230;] Schon bei dem ersten Beratungsgespr\u00e4ch war ich absolut davon \u00fcberzeugt, die richtige Entscheidung getroffen zu haben. Er hat ein tolles Einf\u00fchlungsverm\u00f6gen, erkl\u00e4rt alles, was man wissen m\u00f6chte. [&#8230;] Nicht ein einziges Mal hatte ich bedenken, dass irgendwas nicht funktionieren k\u00f6nnte, obwohl man ausf\u00fchrlich \u00fcber alle Gefahren informiert wird und Bedenkzeit bekommt. Die OP ist extrem gut verlaufen, nach einer Woche war ich wieder fast fit. Das Ergebnis ist sensationell &#8211; es sieht wundervoll nat\u00fcrlich aus. Ich bin so dankbar!&#8221;<\/div>\n<p><a href=\"https:\/\/www.herold.at\/gelbe-seiten\/salzburg\/69TTS\/%C3%A4sthetische-plastische-chirurgie-dr-thurner\/\" target=\"_blank\" rel=\"noopener noreferrer\">\u00c4sthetische Plastische Chirurgie Dr. Thurner<\/a>\u00a0in 5020 Salzburg<\/p>\n<h3>Bilder: Bauchdeckenstraffung Vorher Nachher<\/h3>\n<p>So, Karten auf den Tisch: Du wei\u00dft jetzt, was eine Bauchdeckenstraffung ist, wie sie funktioniert und wo du sie in \u00d6sterreich am besten durchf\u00fchren lassen solltest. Nun bist du sicher gespannt, wie am Ende <strong>das Ergebnis aussieht<\/strong>. Wir haben ein paar sehr beeindruckende Vorher-Nachher-Bilder recherchiert, auf denen du gut erkennen kannst, welche<strong> Art von Narbenbildung<\/strong> dich nach der Bauchdeckenstraffung erwartet.<\/p>\n<blockquote class=\"instagram-media\" style=\"background: #FFF; border: 0; border-radius: 3px; box-shadow: 0 0 1px 0 rgba(0,0,0,0.5),0 1px 10px 0 rgba(0,0,0,0.15); margin: 1px; max-width: 540px; min-width: 326px; padding: 0; width: calc(100% - 2px);\" data-instgrm-permalink=\"https:\/\/www.instagram.com\/p\/BrDm7RVlOaF\/?utm_source=ig_embed&amp;utm_campaign=loading\" data-instgrm-version=\"12\">\n<div style=\"padding: 16px;\">\n<div style=\"display: flex; flex-direction: row; align-items: center;\"><\/div>\n<div style=\"padding: 19% 0;\"><\/div>\n<div style=\"display: block; height: 50px; margin: 0 auto 12px; width: 50px;\"><\/div>\n<div style=\"padding-top: 8px;\">\n<div style=\"color: #3897f0; font-family: Arial,sans-serif; font-size: 14px; font-style: normal; font-weight: 550; line-height: 18px;\">Sieh dir diesen Beitrag auf Instagram an<\/div>\n<\/div>\n<div style=\"padding: 12.5% 0;\"><\/div>\n<div style=\"display: flex; flex-direction: row; margin-bottom: 14px; align-items: center;\"><\/div>\n<div style=\"display: flex; flex-direction: column; flex-grow: 1; justify-content: center; margin-bottom: 24px;\"><\/div>\n<p style=\"color: #c9c8cd; font-family: Arial,sans-serif; font-size: 14px; line-height: 17px; margin-bottom: 0; margin-top: 8px; overflow: hidden; padding: 8px 0 7px; text-align: center; text-overflow: ellipsis; white-space: nowrap;\"><a style=\"color: #c9c8cd; font-family: Arial,sans-serif; font-size: 14px; font-style: normal; font-weight: normal; line-height: 17px; text-decoration: none;\" href=\"https:\/\/www.instagram.com\/p\/BrDm7RVlOaF\/?utm_source=ig_embed&amp;utm_campaign=loading\" target=\"_blank\" rel=\"noopener noreferrer\">Ein Beitrag geteilt von Nicole Klein (@kleinnicol)<\/a> am <time style=\"font-family: Arial,sans-serif; font-size: 14px; line-height: 17px;\" datetime=\"2018-12-06T18:44:03+00:00\">Dez 6, 2018 um 10:44 PST<\/time><\/p>\n<\/div>\n<\/blockquote>\n<p><script async=\"\" src=\"\/\/www.instagram.com\/embed.js\"><\/script><\/p>\n<blockquote class=\"instagram-media\" style=\"background: #FFF; border: 0; border-radius: 3px; box-shadow: 0 0 1px 0 rgba(0,0,0,0.5),0 1px 10px 0 rgba(0,0,0,0.15); margin: 1px; max-width: 540px; min-width: 326px; padding: 0; width: calc(100% - 2px);\" data-instgrm-permalink=\"https:\/\/www.instagram.com\/p\/BfSks6Chqx-\/?utm_source=ig_embed&amp;utm_campaign=loading\" data-instgrm-version=\"12\">\n<div style=\"padding: 16px;\">\n<div style=\"display: flex; flex-direction: row; align-items: center;\"><\/div>\n<div style=\"padding: 19% 0;\"><\/div>\n<div style=\"display: block; height: 50px; margin: 0 auto 12px; width: 50px;\"><\/div>\n<div style=\"padding-top: 8px;\">\n<div style=\"color: #3897f0; font-family: Arial,sans-serif; font-size: 14px; font-style: normal; font-weight: 550; line-height: 18px;\">Sieh dir diesen Beitrag auf Instagram an<\/div>\n<\/div>\n<div style=\"padding: 12.5% 0;\"><\/div>\n<div style=\"display: flex; flex-direction: row; margin-bottom: 14px; align-items: center;\"><\/div>\n<div style=\"display: flex; flex-direction: column; flex-grow: 1; justify-content: center; margin-bottom: 24px;\"><\/div>\n<p style=\"color: #c9c8cd; font-family: Arial,sans-serif; font-size: 14px; line-height: 17px; margin-bottom: 0; margin-top: 8px; overflow: hidden; padding: 8px 0 7px; text-align: center; text-overflow: ellipsis; white-space: nowrap;\"><a style=\"color: #c9c8cd; font-family: Arial,sans-serif; font-size: 14px; font-style: normal; font-weight: normal; line-height: 17px; text-decoration: none;\" href=\"https:\/\/www.instagram.com\/p\/BfSks6Chqx-\/?utm_source=ig_embed&amp;utm_campaign=loading\" target=\"_blank\" rel=\"noopener noreferrer\">Ein Beitrag geteilt von Melanie (@melanie_in_balance)<\/a> am <time style=\"font-family: Arial,sans-serif; font-size: 14px; line-height: 17px;\" datetime=\"2018-02-17T07:56:30+00:00\">Feb 16, 2018 um 11:56 PST<\/time><\/p>\n<\/div>\n<\/blockquote>\n<p><script async=\"\" src=\"\/\/www.instagram.com\/embed.js\"><\/script><\/p>\n<blockquote class=\"instagram-media\" style=\"background: #FFF; border: 0; border-radius: 3px; box-shadow: 0 0 1px 0 rgba(0,0,0,0.5),0 1px 10px 0 rgba(0,0,0,0.15); margin: 1px; max-width: 540px; min-width: 326px; padding: 0; width: calc(100% - 2px);\" data-instgrm-permalink=\"https:\/\/www.instagram.com\/p\/Bp5EgRanP8O\/?utm_source=ig_embed&amp;utm_campaign=loading\" data-instgrm-version=\"12\">\n<div style=\"padding: 16px;\">\n<div style=\"display: flex; flex-direction: row; align-items: center;\"><\/div>\n<div style=\"padding: 19% 0;\"><\/div>\n<div style=\"display: block; height: 50px; margin: 0 auto 12px; width: 50px;\"><\/div>\n<div style=\"padding-top: 8px;\">\n<div style=\"color: #3897f0; font-family: Arial,sans-serif; font-size: 14px; font-style: normal; font-weight: 550; line-height: 18px;\">Sieh dir diesen Beitrag auf Instagram an<\/div>\n<\/div>\n<div style=\"padding: 12.5% 0;\"><\/div>\n<div style=\"display: flex; flex-direction: row; margin-bottom: 14px; align-items: center;\"><\/div>\n<div style=\"display: flex; flex-direction: column; flex-grow: 1; justify-content: center; margin-bottom: 24px;\"><\/div>\n<p style=\"color: #c9c8cd; font-family: Arial,sans-serif; font-size: 14px; line-height: 17px; margin-bottom: 0; margin-top: 8px; overflow: hidden; padding: 8px 0 7px; text-align: center; text-overflow: ellipsis; white-space: nowrap;\"><a style=\"color: #c9c8cd; font-family: Arial,sans-serif; font-size: 14px; font-style: normal; font-weight: normal; line-height: 17px; text-decoration: none;\" href=\"https:\/\/www.instagram.com\/p\/Bp5EgRanP8O\/?utm_source=ig_embed&amp;utm_campaign=loading\" target=\"_blank\" rel=\"noopener noreferrer\">Ein Beitrag geteilt von Rachel Graham (@losinggravity)<\/a> am <time style=\"font-family: Arial,sans-serif; font-size: 14px; line-height: 17px;\" datetime=\"2018-11-07T19:59:28+00:00\">Nov 7, 2018 um 11:59 PST<\/time><\/p>\n<\/div>\n<\/blockquote>\n<p><script async=\"\" src=\"\/\/www.instagram.com\/embed.js\"><\/script><\/p>\n<blockquote class=\"instagram-media\" style=\"background: #FFF; border: 0; border-radius: 3px; box-shadow: 0 0 1px 0 rgba(0,0,0,0.5),0 1px 10px 0 rgba(0,0,0,0.15); margin: 1px; max-width: 540px; min-width: 326px; padding: 0; width: calc(100% - 2px);\" data-instgrm-permalink=\"https:\/\/www.instagram.com\/p\/Bpwzk12Avnb\/?utm_source=ig_embed&amp;utm_campaign=loading\" data-instgrm-version=\"12\">\n<div style=\"padding: 16px;\">\n<div style=\"display: flex; flex-direction: row; align-items: center;\"><\/div>\n<div style=\"padding: 19% 0;\"><\/div>\n<div style=\"display: block; height: 50px; margin: 0 auto 12px; width: 50px;\"><\/div>\n<div style=\"padding-top: 8px;\">\n<div style=\"color: #3897f0; font-family: Arial,sans-serif; font-size: 14px; font-style: normal; font-weight: 550; line-height: 18px;\">Sieh dir diesen Beitrag auf Instagram an<\/div>\n<\/div>\n<div style=\"padding: 12.5% 0;\"><\/div>\n<div style=\"display: flex; flex-direction: row; margin-bottom: 14px; align-items: center;\"><\/div>\n<div style=\"display: flex; flex-direction: column; flex-grow: 1; justify-content: center; margin-bottom: 24px;\"><\/div>\n<p style=\"color: #c9c8cd; font-family: Arial,sans-serif; font-size: 14px; line-height: 17px; margin-bottom: 0; margin-top: 8px; overflow: hidden; padding: 8px 0 7px; text-align: center; text-overflow: ellipsis; white-space: nowrap;\"><a style=\"color: #c9c8cd; font-family: Arial,sans-serif; font-size: 14px; font-style: normal; font-weight: normal; line-height: 17px; text-decoration: none;\" href=\"https:\/\/www.instagram.com\/p\/Bpwzk12Avnb\/?utm_source=ig_embed&amp;utm_campaign=loading\" target=\"_blank\" rel=\"noopener noreferrer\">Ein Beitrag geteilt von Jessica (@getfitwjessica)<\/a> am <time style=\"font-family: Arial,sans-serif; font-size: 14px; line-height: 17px;\" datetime=\"2018-11-04T14:57:37+00:00\">Nov 4, 2018 um 6:57 PST<\/time><\/p>\n<\/div>\n<\/blockquote>\n<p><script async=\"\" src=\"\/\/www.instagram.com\/embed.js\"><\/script><\/p>\n<blockquote class=\"instagram-media\" style=\"background: #FFF; border: 0; border-radius: 3px; box-shadow: 0 0 1px 0 rgba(0,0,0,0.5),0 1px 10px 0 rgba(0,0,0,0.15); margin: 1px; max-width: 540px; min-width: 326px; padding: 0; width: calc(100% - 2px);\" data-instgrm-permalink=\"https:\/\/www.instagram.com\/p\/B1-3SAfHMK2\/?utm_source=ig_embed&amp;utm_campaign=loading\" data-instgrm-version=\"12\">\n<div style=\"padding: 16px;\">\n<div style=\"display: flex; flex-direction: row; align-items: center;\"><\/div>\n<div style=\"padding: 19% 0;\"><\/div>\n<div style=\"display: block; height: 50px; margin: 0 auto 12px; width: 50px;\"><\/div>\n<div style=\"padding-top: 8px;\">\n<div style=\"color: #3897f0; font-family: Arial,sans-serif; font-size: 14px; font-style: normal; font-weight: 550; line-height: 18px;\">Sieh dir diesen Beitrag auf Instagram an<\/div>\n<\/div>\n<div style=\"padding: 12.5% 0;\"><\/div>\n<div style=\"display: flex; flex-direction: row; margin-bottom: 14px; align-items: center;\"><\/div>\n<div style=\"display: flex; flex-direction: column; flex-grow: 1; justify-content: center; margin-bottom: 24px;\"><\/div>\n<p style=\"color: #c9c8cd; font-family: Arial,sans-serif; font-size: 14px; line-height: 17px; margin-bottom: 0; margin-top: 8px; overflow: hidden; padding: 8px 0 7px; text-align: center; text-overflow: ellipsis; white-space: nowrap;\"><a style=\"color: #c9c8cd; font-family: Arial,sans-serif; font-size: 14px; font-style: normal; font-weight: normal; line-height: 17px; text-decoration: none;\" href=\"https:\/\/www.instagram.com\/p\/B1-3SAfHMK2\/?utm_source=ig_embed&amp;utm_campaign=loading\" target=\"_blank\" rel=\"noopener noreferrer\">Ein Beitrag geteilt von Dr Richard Baker (@dr_richardbakerplasticsurgeon)<\/a> am <time style=\"font-family: Arial,sans-serif; font-size: 14px; line-height: 17px;\" datetime=\"2019-09-04T08:16:06+00:00\">Sep 4, 2019 um 1:16 PDT<\/time><\/p>\n<\/div>\n<\/blockquote>\n<p><script async=\"\" src=\"\/\/www.instagram.com\/embed.js\"><\/script><\/p>\n<h3>Fach\u00e4rzte f\u00fcr Plastische und \u00c4sthetische Chirurgie in deinem Bundesland:<\/h3>\n<div class=\"herold_bl\"><div class=\"herold_bl_col\"><div class=\"herold_bl_col_inner\"><div class=\"herold_bl_text\"><p>\u2192 <a href=\"https:\/\/www.herold.at\/gelbe-seiten\/wien\/plastischer-chirurg\/\" target=\"_blank\">Wien<\/a><\/p><\/div><div class=\"herold_bl_last\"><\/div><div class=\"tobelastincol\"><\/div><div class=\"herold_bl_text\"><p>\u2192 <a href=\"https:\/\/www.herold.at\/gelbe-seiten\/burgenland\/plastischer-chirurg\/\" target=\"_blank\">Burgenland<\/a><\/p><\/div><div class=\"herold_bl_last\"><\/div><div class=\"tobelastincol\"><\/div><div class=\"herold_bl_text\"><p>\u2192 <a href=\"https:\/\/www.herold.at\/gelbe-seiten\/salzburg\/plastischer-chirurg\/\" target=\"_blank\">Salzburg<\/a><\/p><\/div><div class=\"herold_bl_last\"><\/div><div class=\"tobelastincol\"><\/div><\/div><\/div><div class=\"herold_bl_col\"><div class=\"herold_bl_col_inner\"><div class=\"herold_bl_text\"><p>\u2192 <a href=\"https:\/\/www.herold.at\/gelbe-seiten\/nieder\u00f6sterreich\/plastischer-chirurg\/\" target=\"_blank\">Nieder\u00f6sterreich<\/a><\/p><\/div><div class=\"herold_bl_last\"><\/div><div class=\"tobelastincol\"><\/div><div class=\"herold_bl_text\"><p>\u2192 <a href=\"https:\/\/www.herold.at\/gelbe-seiten\/steiermark\/plastischer-chirurg\/\" target=\"_blank\">Steiermark<\/a><\/p><\/div><div class=\"herold_bl_last\"><\/div><div class=\"tobelastincol\"><\/div><div class=\"herold_bl_text\"><p>\u2192 <a href=\"https:\/\/www.herold.at\/gelbe-seiten\/tirol\/plastischer-chirurg\/\" target=\"_blank\">Tirol<\/a><\/p><\/div><div class=\"herold_bl_last\"><\/div><div class=\"tobelastincol\"><\/div><\/div><\/div><div class=\"herold_bl_col\"><div class=\"herold_bl_col_inner\"><div class=\"herold_bl_text\"><p>\u2192 <a href=\"https:\/\/www.herold.at\/gelbe-seiten\/ober\u00f6sterreich\/plastischer-chirurg\/\" target=\"_blank\">Ober\u00f6sterreich<\/a><\/p><\/div><div class=\"herold_bl_last\"><\/div><div class=\"tobelastincol\"><\/div><div class=\"herold_bl_text\"><p>\u2192 <a href=\"https:\/\/www.herold.at\/gelbe-seiten\/k\u00e4rnten\/plastischer-chirurg\/\" target=\"_blank\">K\u00e4rnten<\/a><\/p><\/div><div class=\"herold_bl_last\"><\/div><div class=\"tobelastincol\"><\/div><div class=\"herold_bl_text\"><p>\u2192 <a href=\"https:\/\/www.herold.at\/gelbe-seiten\/vorarlberg\/plastischer-chirurg\/\" target=\"_blank\">Vorarlberg<\/a><\/p><\/div><div class=\"herold_bl_last\"><\/div><div class=\"tobelastincol\"><\/div><\/div><\/div><\/div>\n","protected":false},"excerpt":{"rendered":"<p>Manchmal ist er eine Folge\u00a0der Schwangerschaft, manchmal entsteht er durch massiven Gewichtsverlust: der H\u00e4ngebauch. Was f\u00fcr viele nur ein \u00e4sthetisches Problem ist, kann durch Hautreizungen oder Einschr\u00e4nkungen in der Bewegungsfreiheit durchaus auch zum medizinischen Problem werden. Wir haben recherchiert, in welchen F\u00e4llen eine Bauchdeckenstraffung sinnvoll ist, wie die Operation abl\u00e4uft und mit welchen Kosten du rechnen musst. Au\u00dferdem erf\u00e4hrst du bei uns, wann die\u00a0Bauchdeckenstraffung in \u00d6sterreich von der Krankenkasse\u00a0bezahlt wird. Bauchdeckenstraffung: Was ist das? Die Bauchdeckenstraffung (englisch Tummy Tuck), auch\u00a0Bauchdeckenplastik\u00a0oder\u00a0Abdominoplastik\u00a0genannt, ist ein chirurgischer Eingriff zur Straffung der Bauchdecke nach Schwangerschaften oder gro\u00dfem Gewichtsverlust. Die Operation, bei der die \u00fcbersch\u00fcssige Haut inklusive Dehnungsstreifen entfernt wird, wird h\u00e4ufig in Kombination mit einer Fettabsaugung vorgenommen. Das ist\u00a0zum Beispiel dann notwendig, wenn sich das Fettgewebe am Bauch trotz gewissenhafter Ern\u00e4hrungsumstellung und k\u00f6rperlichem Training als besonders hartn\u00e4ckig erweist. Je nach Auspr\u00e4gung kann es auch notwendig sein, unter der Operation\u00a0die\u00a0geraden Bauchmuskeln wieder zusammenzuf\u00fchren (Korrektur der Rektusdiastase). Achtung!\u00a0Eine Bauchdeckenstraffung ist, genau wie die\u00a0Fett weg Spritze, KEIN Mittel zur Gewichtsreduktion. Sie sollte grunds\u00e4tzlich erst dann vorgenommen werden, wenn keine weiteren Schwangerschaften mehr geplant sind beziehungsweise wenn das Zielgewicht erreicht ist. Was wird bei der Bauchdeckenstraffung gemacht? Nat\u00fcrlich ist es ein wesentlicher Unterschied, ob eine Frau nach der Schwangerschaft lediglich mit schlaffer Haut am Unterbauch zu k\u00e4mpfen hat, oder ob eine gro\u00dffl\u00e4chige Fettsch\u00fcrze entfernt werden muss. Dementsprechend ist jede Bauchdeckenstraffung individuell und mit unterschiedlich hohem Aufwand sowie eventuell notwendigen Zusatzma\u00dfnahmen verbunden. Grunds\u00e4tzlich unterscheidet man hier zwischen der\u00a0Mini-Abdominoplastik (kleiner, tief sitzender Schnitt, keine Bauchnabel-Versetzung), der\u00a0Medi-Abdominoplastik (Nabel-Versetzung, Hautschnitt maximal 20 cm) und der\u00a0Maxi-Abdominoplastik.\u00a0Die Maxi-Abdominoplastik ist die am h\u00e4ufigsten durchgef\u00fchrte Variante der Bauchdeckenstraffung, weshalb sie auch als Klassische Abdominalplastik bezeichnet wird. Klassische Bauchdeckenstraffung Bei dieser Operation hebt der Chirurg die Haut vom Unterbauch bis zum Rippenbogen an, strafft sie nach unten hin und entfernt den Gewebe\u00fcberschuss. Anschlie\u00dfend muss der\u00a0Nabel neu implantiert werden. Bei dieser Form der Bauchdeckenstraffung k\u00f6nnen auch zus\u00e4tzliche Ma\u00dfnahmen wie Fettabsaugung, Zusammenf\u00fchren der geraden Bauchmuskeln oder Einn\u00e4her an den Muskelfaszien (f\u00fchrt zu einer Verkleinerung des Bauchumfangs) durchgef\u00fchrt werden. Das folgende Video zeigt eine klassische Bauchdeckenstraffung. Aber Vorsicht: nichts f\u00fcr schwache Nerven! Bauchdeckenstraffung: Wie lange dauert die OP? Wie lange die Bauchdeckenstraffung OP dauert ist davon abh\u00e4ngig, was genau gemacht wird. Die Mini-Abdominoplastik\u00a0dauert normalerweise nicht l\u00e4nger als eine Stunde und wird manchmal sogar unter lokaler Bet\u00e4ubung oder leichtem D\u00e4mmerschlaf durchgef\u00fchrt. Die klassische Bauchdeckenstraffung kann, je nach Zusatzma\u00dfnahmen, bis zu drei Stunden dauern und wird grunds\u00e4tzlich unter Vollnarkose durchgef\u00fchrt. Nach dem Eingriff wird eine Wund-Drainage zur Ableitung von Blut und Gewebefl\u00fcssigkeit eingelegt und die Schnitte werden mit feinen N\u00e4hten verschlossen und zus\u00e4tzlich mit Nahtpflaster (Steristrips) verklebt. Je nach Umfang der Operation kannst du das Krankenhaus nach einer bis drei N\u00e4chten wieder verlassen. Das Nahtmaterial wird normalerweise ambulant und je nach Nahttechnik\u00a07-10 Tage nach der OP entfernt. Welche Risiken hat die Bauchdeckenstraffung OP? Wie jeder chirurgische Eingriff birgt nat\u00fcrlich auch die Bauchdeckenstraffung\u00a0gewisse\u00a0Risiken, \u00fcber die du dir im Klaren sein solltest. Dazu z\u00e4hlen, neben den Gefahren, die eine Operation unter Vollnarkose eben immer mit sich bringt, vor allem Wundheilungsst\u00f6rungen im Nahtbereich, die schlimmstenfalls zur [&hellip;]<\/p>\n","protected":false},"author":175,"featured_media":174926,"comment_status":"closed","ping_status":"closed","sticky":false,"template":"","format":"standard","meta":{"inline_featured_image":false,"footnotes":""},"categories":[28],"tags":[],"acf":[],"yoast_head":"\n<title>Bauchdeckenstraffung in \u00d6sterreich: Kosten &amp; Krankenkasse - Herold.at<\/title>\n<meta name=\"description\" content=\"Bauchdeckenstraffung in \u00d6sterreich: \u2714 Operation \u2714 Kosten \u2714 Kosten\u00fcbernahme Krankenkasse \u2714 Krankenstand \u2714 Narbenbildung \u2714 Heilungsverlauf\" \/>\n<meta name=\"robots\" content=\"index, follow, max-snippet:-1, max-image-preview:large, max-video-preview:-1\" \/>\n<link rel=\"canonical\" href=\"https:\/\/www.herold.at\/blog\/bauchdeckenstraffung-oesterreich-kosten-krankenkasse\/\" \/>\n<meta property=\"og:locale\" content=\"de_DE\" \/>\n<meta property=\"og:type\" content=\"article\" \/>\n<meta property=\"og:title\" content=\"Bauchdeckenstraffung: was sie kostet und wer sie bezahlt\" \/>\n<meta property=\"og:description\" content=\"Bauchdeckenstraffung in \u00d6sterreich: \u2714 Operation \u2714 Kosten \u2714 Kosten\u00fcbernahme Krankenkasse \u2714 Krankenstand \u2714 Narbenbildung \u2714 Heilungsverlauf\" \/>\n<meta property=\"og:url\" content=\"https:\/\/www.herold.at\/blog\/bauchdeckenstraffung-oesterreich-kosten-krankenkasse\/\" \/>\n<meta property=\"og:site_name\" content=\"Herold Blog\" \/>\n<meta property=\"article:publisher\" content=\"https:\/\/www.facebook.com\/derherold\" \/>\n<meta property=\"article:published_time\" content=\"2019-09-04T13:00:58+00:00\" \/>\n<meta property=\"article:modified_time\" content=\"2022-06-01T14:50:17+00:00\" \/>\n<meta property=\"og:image\" content=\"https:\/\/www.herold.at\/blog\/wp-content\/uploads\/2018\/11\/Bauchdeckenstraffung-Adobe-Stock-c-andriano_cz-2.jpg\" \/>\n<meta name=\"author\" content=\"Herold Redaktion\" \/>\n<meta name=\"twitter:label1\" content=\"Verfasst von\" \/>\n\t<meta name=\"twitter:data1\" content=\"Herold Redaktion\" \/>\n\t<meta name=\"twitter:label2\" content=\"Gesch\u00e4tzte Lesezeit\" \/>\n\t<meta name=\"twitter:data2\" content=\"13 Minuten\" \/>\n<script type=\"application\/ld+json\" class=\"yoast-schema-graph\">{\"@context\":\"https:\/\/schema.org\",\"@graph\":[{\"@type\":\"WebPage\",\"@id\":\"https:\/\/www.herold.at\/blog\/bauchdeckenstraffung-oesterreich-kosten-krankenkasse\/\",\"url\":\"https:\/\/www.herold.at\/blog\/bauchdeckenstraffung-oesterreich-kosten-krankenkasse\/\",\"name\":\"Bauchdeckenstraffung in \u00d6sterreich: Kosten & Krankenkasse - Herold.at\",\"isPartOf\":{\"@id\":\"https:\/\/www.herold.at\/blog\/#website\"},\"datePublished\":\"2019-09-04T13:00:58+00:00\",\"dateModified\":\"2022-06-01T14:50:17+00:00\",\"author\":{\"@id\":\"https:\/\/www.herold.at\/blog\/#\/schema\/person\/12f550765e7a2ed67050cd6f459010b1\"},\"description\":\"Bauchdeckenstraffung in \u00d6sterreich: \u2714 Operation \u2714 Kosten \u2714 Kosten\u00fcbernahme Krankenkasse \u2714 Krankenstand \u2714 Narbenbildung \u2714 Heilungsverlauf\",\"breadcrumb\":{\"@id\":\"https:\/\/www.herold.at\/blog\/bauchdeckenstraffung-oesterreich-kosten-krankenkasse\/#breadcrumb\"},\"inLanguage\":\"de-DE\",\"potentialAction\":[{\"@type\":\"ReadAction\",\"target\":[\"https:\/\/www.herold.at\/blog\/bauchdeckenstraffung-oesterreich-kosten-krankenkasse\/\"]}]},{\"@type\":\"BreadcrumbList\",\"@id\":\"https:\/\/www.herold.at\/blog\/bauchdeckenstraffung-oesterreich-kosten-krankenkasse\/#breadcrumb\",\"itemListElement\":[{\"@type\":\"ListItem\",\"position\":1,\"name\":\"Home\",\"item\":\"https:\/\/www.herold.at\/blog\/\"},{\"@type\":\"ListItem\",\"position\":2,\"name\":\"Bauchdeckenstraffung in \u00d6sterreich: Was kostet es, wer zahlt?\"}]},{\"@type\":\"WebSite\",\"@id\":\"https:\/\/www.herold.at\/blog\/#website\",\"url\":\"https:\/\/www.herold.at\/blog\/\",\"name\":\"Herold Blog\",\"description\":\"Ratgeber &amp; Blog von herold.at\",\"potentialAction\":[{\"@type\":\"SearchAction\",\"target\":{\"@type\":\"EntryPoint\",\"urlTemplate\":\"https:\/\/www.herold.at\/blog\/?s={search_term_string}\"},\"query-input\":\"required name=search_term_string\"}],\"inLanguage\":\"de-DE\"},{\"@type\":\"Person\",\"@id\":\"https:\/\/www.herold.at\/blog\/#\/schema\/person\/12f550765e7a2ed67050cd6f459010b1\",\"name\":\"Herold Redaktion\",\"url\":\"https:\/\/www.herold.at\/blog\/author\/herold-blog-team\/\"}]}<\/script>\n","yoast_head_json":{"title":"Bauchdeckenstraffung in \u00d6sterreich: Kosten & Krankenkasse - Herold.at","description":"Bauchdeckenstraffung in \u00d6sterreich: \u2714 Operation \u2714 Kosten \u2714 Kosten\u00fcbernahme Krankenkasse \u2714 Krankenstand \u2714 Narbenbildung \u2714 Heilungsverlauf","robots":{"index":"index","follow":"follow","max-snippet":"max-snippet:-1","max-image-preview":"max-image-preview:large","max-video-preview":"max-video-preview:-1"},"canonical":"https:\/\/www.herold.at\/blog\/bauchdeckenstraffung-oesterreich-kosten-krankenkasse\/","og_locale":"de_DE","og_type":"article","og_title":"Bauchdeckenstraffung: was sie kostet und wer sie bezahlt","og_description":"Bauchdeckenstraffung in \u00d6sterreich: \u2714 Operation \u2714 Kosten \u2714 Kosten\u00fcbernahme Krankenkasse \u2714 Krankenstand \u2714 Narbenbildung \u2714 Heilungsverlauf","og_url":"https:\/\/www.herold.at\/blog\/bauchdeckenstraffung-oesterreich-kosten-krankenkasse\/","og_site_name":"Herold Blog","article_publisher":"https:\/\/www.facebook.com\/derherold","article_published_time":"2019-09-04T13:00:58+00:00","article_modified_time":"2022-06-01T14:50:17+00:00","og_image":[{"url":"https:\/\/www.herold.at\/blog\/wp-content\/uploads\/2018\/11\/Bauchdeckenstraffung-Adobe-Stock-c-andriano_cz-2.jpg"}],"author":"Herold Redaktion","twitter_misc":{"Verfasst von":"Herold Redaktion","Gesch\u00e4tzte Lesezeit":"13 Minuten"},"schema":{"@context":"https:\/\/schema.org","@graph":[{"@type":"WebPage","@id":"https:\/\/www.herold.at\/blog\/bauchdeckenstraffung-oesterreich-kosten-krankenkasse\/","url":"https:\/\/www.herold.at\/blog\/bauchdeckenstraffung-oesterreich-kosten-krankenkasse\/","name":"Bauchdeckenstraffung in \u00d6sterreich: Kosten & Krankenkasse - Herold.at","isPartOf":{"@id":"https:\/\/www.herold.at\/blog\/#website"},"datePublished":"2019-09-04T13:00:58+00:00","dateModified":"2022-06-01T14:50:17+00:00","author":{"@id":"https:\/\/www.herold.at\/blog\/#\/schema\/person\/12f550765e7a2ed67050cd6f459010b1"},"description":"Bauchdeckenstraffung in \u00d6sterreich: \u2714 Operation \u2714 Kosten \u2714 Kosten\u00fcbernahme Krankenkasse \u2714 Krankenstand \u2714 Narbenbildung \u2714 Heilungsverlauf","breadcrumb":{"@id":"https:\/\/www.herold.at\/blog\/bauchdeckenstraffung-oesterreich-kosten-krankenkasse\/#breadcrumb"},"inLanguage":"de-DE","potentialAction":[{"@type":"ReadAction","target":["https:\/\/www.herold.at\/blog\/bauchdeckenstraffung-oesterreich-kosten-krankenkasse\/"]}]},{"@type":"BreadcrumbList","@id":"https:\/\/www.herold.at\/blog\/bauchdeckenstraffung-oesterreich-kosten-krankenkasse\/#breadcrumb","itemListElement":[{"@type":"ListItem","position":1,"name":"Home","item":"https:\/\/www.herold.at\/blog\/"},{"@type":"ListItem","position":2,"name":"Bauchdeckenstraffung in \u00d6sterreich: Was kostet es, wer zahlt?"}]},{"@type":"WebSite","@id":"https:\/\/www.herold.at\/blog\/#website","url":"https:\/\/www.herold.at\/blog\/","name":"Herold Blog","description":"Ratgeber &amp; Blog von herold.at","potentialAction":[{"@type":"SearchAction","target":{"@type":"EntryPoint","urlTemplate":"https:\/\/www.herold.at\/blog\/?s={search_term_string}"},"query-input":"required name=search_term_string"}],"inLanguage":"de-DE"},{"@type":"Person","@id":"https:\/\/www.herold.at\/blog\/#\/schema\/person\/12f550765e7a2ed67050cd6f459010b1","name":"Herold Redaktion","url":"https:\/\/www.herold.at\/blog\/author\/herold-blog-team\/"}]}},"fimg_url":"https:\/\/www.herold.at\/blog\/wp-content\/uploads\/2018\/11\/Bauchdeckenstraffung-Adobe-Stock-c-andriano_cz-2-560x360.jpg","_links":{"self":[{"href":"https:\/\/www.herold.at\/blog\/wp-json\/wp\/v2\/posts\/123849"}],"collection":[{"href":"https:\/\/www.herold.at\/blog\/wp-json\/wp\/v2\/posts"}],"about":[{"href":"https:\/\/www.herold.at\/blog\/wp-json\/wp\/v2\/types\/post"}],"author":[{"embeddable":true,"href":"https:\/\/www.herold.at\/blog\/wp-json\/wp\/v2\/users\/175"}],"replies":[{"embeddable":true,"href":"https:\/\/www.herold.at\/blog\/wp-json\/wp\/v2\/comments?post=123849"}],"version-history":[{"count":58,"href":"https:\/\/www.herold.at\/blog\/wp-json\/wp\/v2\/posts\/123849\/revisions"}],"predecessor-version":[{"id":251901,"href":"https:\/\/www.herold.at\/blog\/wp-json\/wp\/v2\/posts\/123849\/revisions\/251901"}],"wp:featuredmedia":[{"embeddable":true,"href":"https:\/\/www.herold.at\/blog\/wp-json\/wp\/v2\/media\/174926"}],"wp:attachment":[{"href":"https:\/\/www.herold.at\/blog\/wp-json\/wp\/v2\/media?parent=123849"}],"wp:term":[{"taxonomy":"category","embeddable":true,"href":"https:\/\/www.herold.at\/blog\/wp-json\/wp\/v2\/categories?post=123849"},{"taxonomy":"post_tag","embeddable":true,"href":"https:\/\/www.herold.at\/blog\/wp-json\/wp\/v2\/tags?post=123849"}],"curies":[{"name":"wp","href":"https:\/\/api.w.org\/{rel}","templated":true}]}}