{"id":16221,"date":"2019-02-06T16:00:58","date_gmt":"2019-02-06T15:00:58","guid":{"rendered":"https:\/\/www.herold.at\/blog\/?p=16221"},"modified":"2021-08-04T14:21:37","modified_gmt":"2021-08-04T12:21:37","slug":"frisuren-fuer-feines-haar-tipps-tricks-schnitte","status":"publish","type":"post","link":"https:\/\/www.herold.at\/blog\/frisuren-fuer-feines-haar-tipps-tricks-schnitte\/","title":{"rendered":"Frisuren f\u00fcr feines Haar"},"content":{"rendered":"<figure id=\"attachment_142074\" aria-describedby=\"caption-attachment-142074\" style=\"width: 830px\" class=\"wp-caption alignnone\"><a href=\"https:\/\/www.herold.at\/blog\/wp-content\/uploads\/2018\/03\/feinesHaar_179260991.jpg\"><img decoding=\"async\" loading=\"lazy\" class=\"wp-image-142074 size-full\" src=\"https:\/\/www.herold.at\/blog\/wp-content\/uploads\/2018\/03\/feinesHaar_179260991.jpg\" alt=\"Junge Frau mit h\u00fcbscher Pixie-Cut Frisur f\u00fcr wenig Haar.\" width=\"830\" height=\"369\" srcset=\"https:\/\/www.herold.at\/blog\/wp-content\/uploads\/2018\/03\/feinesHaar_179260991.jpg 830w, https:\/\/www.herold.at\/blog\/wp-content\/uploads\/2018\/03\/feinesHaar_179260991-300x133.jpg 300w, https:\/\/www.herold.at\/blog\/wp-content\/uploads\/2018\/03\/feinesHaar_179260991-768x341.jpg 768w\" sizes=\"(max-width: 830px) 100vw, 830px\" \/><\/a><figcaption id=\"caption-attachment-142074\" class=\"wp-caption-text\">Beauty, Volumen und F\u00fclle\u00a0f\u00fcr alle: Wir haben die besten Schnitte und Frisuren f\u00fcr feines Haar recherchiert! Adobe Stock, (c) contrastwerkstatt<\/figcaption><\/figure>\n<p>Frisuren f\u00fcr feines Haar sind anders. <strong>Fein ist sch\u00f6n<\/strong>, d\u00fcnn ist gut, aber nicht beim Haupthaar. Sogar bei der Figur ist fit das neue Schlank.\u00a0Viele finden, dass\u00a0feines, d\u00fcnnes Haar das Schlimmste \u00fcberhaupt ist. Also abgesehen vom Haarausfall oder wenig Haar, aber das ist eine ganz andere Geschichte. Bl\u00e4ttert man durch Frauenzeitschriften, Instagram- und Pinterest-Accounts oder schaut sich\u00a0bewusst die TV-Spots f\u00fcr Haarshampoo an,\u00a0k\u00f6nnte man meinen, alle Frauen haben Tonnen von dicken, gesunden Haaren auf dem Kopf. Das muss ja weh tun bei dem Gewicht!<\/p>\n\n<h2>Feines Haar: nicht so schlimm, wie du denkst<\/h2>\n<p>Die Wirklichkeit so ganz ohne Photoshop sieht freilich anders aus. Tats\u00e4chlich haben viele Menschen, M\u00e4nner und Frauen,\u00a0feines Haar oder glauben zumindest, sie h\u00e4tten welches. Die schlechte Nachricht ist: Es gibt <strong>kein Patentrezept<\/strong> dagegen. Dein <a href=\"https:\/\/www.herold.at\/blog\/friseur-wien-gute-bewertungen-beauty-salon\/\"><strong>Friseur<\/strong><\/a>\u00a0kann dir nat\u00fcrlich einen speziellen Schnitt verpassen und er hat wohl auch das eine oder andere Pr\u00e4parat, dass feines Haar etwas aufplustert.<\/p>\n<p>Und dass die Kopfhaut gesund sein sollte und Haare <a href=\"https:\/\/www.herold.at\/blog\/was-macht-schoene-haare-biotin\/\" target=\"_blank\" rel=\"noopener noreferrer\">gute Nahrung<\/a>, also einen vern\u00fcnftigen Lifestyle brauchen, ist irgendwie logisch. Es m\u00fcssen nicht immer <strong><a href=\"https:\/\/www.herold.at\/blog\/gastro\/superfood-acai-chia-goji\/\" target=\"_blank\" rel=\"noopener noreferrer\">Superfoods<\/a><\/strong> sein oder Nahrungserg\u00e4nzungsmittel aus der<strong> <a href=\"https:\/\/www.herold.at\/gelbe-seiten\/apotheke\/\" target=\"_blank\" rel=\"noopener noreferrer\">Apotheke<\/a><\/strong>, aber wer sich &#8220;mangelern\u00e4hrt&#8221;, der hungert auch\u00a0die Haarpracht\u00a0aus, ich sag&#8217;s nur.<\/p>\n<h2>Die richtigen Frisuren f\u00fcr feines Haar<\/h2>\n<p>Neben dem richtigen Umgang mit dem, was man hat, gibt es nat\u00fcrlich schon ein paar Tricks. Ich rede nicht von Haarteilen, <strong><a href=\"https:\/\/www.herold.at\/blog\/haartransplantation-wien-haarverpflanzung\/\" target=\"_blank\" rel=\"noopener noreferrer\">Transplantationen<\/a><\/strong>\u00a0oder <strong><a href=\"https:\/\/www.herold.at\/blog\/weave-extensions-was-haelt-der-neue-trend-in-der-haarverlaengerung\/\" target=\"_blank\" rel=\"noopener noreferrer\">permanenten Extensions<\/a><\/strong>. Eine sehr elegante und gesunde Methode, <strong>Haarqualit\u00e4t\u00a0samt Optik<\/strong> zu verbessern, ist <a href=\"https:\/\/www.herold.at\/blog\/olaplex\/\" target=\"_blank\" rel=\"noopener noreferrer\">Olaplex<\/a>.<\/p>\n<p>Zu weniger &#8220;invasiven&#8221;, operativen und auch weniger kostspieligen Methoden habe ich wieder einmal einen befragt, der es wissen muss und auch wei\u00df: meinen <strong>Friseur<\/strong>. Wolfgang Steinbauer von <strong><a href=\"https:\/\/www.herold.at\/gelbe-seiten\/wien\/Gx4qt\/propaganda-wien\/\" target=\"_blank\" rel=\"noopener noreferrer\">propaganda\u00a0wien<\/a><\/strong>\u00a0zaubert seit vielen Jahren aus meinen feinen &#8220;Fuzzelhaaren&#8221; so\u00a0wunderbare geometrische, exakte Haarschnitte, dass mich immer wieder Menschen fragen, wer denn meine zauberhafte Frisur gemacht h\u00e4tte. Das war, als ich noch langes Haar hatte, nicht so!<\/p>\n<figure id=\"attachment_93391\" aria-describedby=\"caption-attachment-93391\" style=\"width: 830px\" class=\"wp-caption alignnone\"><img decoding=\"async\" loading=\"lazy\" class=\"wp-image-93391 size-full\" src=\"https:\/\/www.herold.at\/blog\/wp-content\/uploads\/2018\/03\/feineHaare_32614399.jpeg\" alt=\"Frisuren f\u00fcr feine Haare, die Volumen geben.\" width=\"830\" height=\"513\" srcset=\"https:\/\/www.herold.at\/blog\/wp-content\/uploads\/2018\/03\/feineHaare_32614399.jpeg 830w, https:\/\/www.herold.at\/blog\/wp-content\/uploads\/2018\/03\/feineHaare_32614399-300x185.jpeg 300w, https:\/\/www.herold.at\/blog\/wp-content\/uploads\/2018\/03\/feineHaare_32614399-768x475.jpeg 768w\" sizes=\"(max-width: 830px) 100vw, 830px\" \/><figcaption id=\"caption-attachment-93391\" class=\"wp-caption-text\">Frisuren f\u00fcr feines Haar sind nat\u00fcrliche Grenzen gesetzt. Das bedeutet aber nicht, dass du nicht stylisch sein kannst! Adobe Stock, (c) rico287<\/figcaption><\/figure>\n<p>Individuen brauchen individuelle Beratung. Ich bin durchaus ein Freund von DIY und auch von allgemein g\u00fcltigen Regeln, aber auf meinem Kopf darf nur ein Profi werken und meine Frisur soll zu mir\u00a0passen. Schlie\u00dflich sieht man die ja meistens! Und dass Superstars auf Reisen ihren <strong>Friseur<\/strong> mitnehmen, verstehe ich \u00fcbrigens total. Also los geht&#8217;s! Wolfgang Steinbauer f\u00fcr den HEROLD Blog:<\/p>\n<h3>Gibt es eine fachliche Definition f\u00fcr feines Haar ?<\/h3>\n<p>Als\u00a0&#8220;feines Haar&#8221;\u00a0bezeichnet man technisch gesehen Haare, die einen <strong>geringeren Durchmesser haben als 0,04mm<\/strong>. Wenn man sich nicht auf sein Gef\u00fchl verlassen m\u00f6chte, hat man die M\u00f6glichkeit ein sogenanntes Haarst\u00e4rkenmessger\u00e4t zur Hilfe zu nehmen, um festzustellen, ob es sich tats\u00e4chlich um feines Haar handelt \u2013 was vor allem bei Dauerwellen oder beim <strong><a href=\"https:\/\/www.herold.at\/blog\/haarfarben-trends\/\" target=\"_blank\" rel=\"noopener noreferrer\">Haare f\u00e4rben<\/a><\/strong> relevant ist, um das richtige Pr\u00e4parat zu bestimmen.<\/p>\n<h3>Wie hoch ist etwa der Prozentsatz an KundInnen mit diesem &#8220;Problem&#8221;?<\/h3>\n<p>Ich w\u00fcrde es nicht unbedingt als Problem sehen, da erst die Kombination aus feinem und d\u00fcnnem Haar nicht gerne akzeptiert wird.\u00a0Bei feinem oder dickem Haar geht es wie gesagt um den Durchmesser. Im Bezug auf die Haarmenge spricht man dann von <strong>d\u00fcnnem oder vollem Haar.<\/strong> Feines Haar, das voll ist, ist also nicht unbedingt schlechter als dickes Haar, das d\u00fcnn angesiedelt ist! Ich w\u00fcrde aber den Prozentsatz der KundInnen mit feinem Haar<strong> auf 30% sch\u00e4tzen<\/strong>.<\/p>\n<h3>Kurz oder lang\u00a0f\u00fcr d\u00fcnnes Haar?<\/h3>\n<p>Welche L\u00e4nge\u00a0ist\u00a0optimal bei d\u00fcnnen Haaren: Kann man das grunds\u00e4tzlich sagen? In der Regel k\u00f6nnte man sagen, dass die Schultern die Grenze sind.<\/p>\n<h3>Pflege f\u00fcr feines Haar &#8211; was sind No-Gos?<\/h3>\n<p>Zu viel Pflege, zum Beispiel\u00a0sehr intensiv pflegende Shampoos oder Conditioner, zwingen das Haar leichter in die Knie als <strong>neutrale Shampoos<\/strong>.\u00a0Es gibt jede Menge Volumen-Produkte, die auf die Bed\u00fcrfnisse von feinen Haaren abgestimmt sind.<\/p>\n<figure id=\"attachment_160036\" aria-describedby=\"caption-attachment-160036\" style=\"width: 830px\" class=\"wp-caption alignnone\"><a href=\"https:\/\/www.herold.at\/blog\/wp-content\/uploads\/2019\/02\/Frisuren-f\u00fcr-feines-Haar.-Andrea-Pickl-HEROLD.at_.jpg\"><img decoding=\"async\" loading=\"lazy\" class=\"wp-image-160036 size-full\" src=\"https:\/\/www.herold.at\/blog\/wp-content\/uploads\/2019\/02\/Frisuren-f\u00fcr-feines-Haar.-Andrea-Pickl-HEROLD.at_.jpg\" alt=\"Wolfgang Steinbauer von propaganda stylt Frisuren f\u00fcr feines Haar.\" width=\"830\" height=\"410\" srcset=\"https:\/\/www.herold.at\/blog\/wp-content\/uploads\/2019\/02\/Frisuren-f\u00fcr-feines-Haar.-Andrea-Pickl-HEROLD.at_.jpg 830w, https:\/\/www.herold.at\/blog\/wp-content\/uploads\/2019\/02\/Frisuren-f\u00fcr-feines-Haar.-Andrea-Pickl-HEROLD.at_-300x148.jpg 300w, https:\/\/www.herold.at\/blog\/wp-content\/uploads\/2019\/02\/Frisuren-f\u00fcr-feines-Haar.-Andrea-Pickl-HEROLD.at_-768x379.jpg 768w\" sizes=\"(max-width: 830px) 100vw, 830px\" \/><\/a><figcaption id=\"caption-attachment-160036\" class=\"wp-caption-text\">Wolfgang Steinbauer von propaganda wei\u00df, wie d\u00fcnnes Haar mit dem richtigen Cut Volumen und F\u00fclle erh\u00e4lt. Foto (c) Andrea Pickl &#8211; HEROLD.at<\/figcaption><\/figure>\n<h2>Welche Frisuren sehen bei\u00a0feinem Haar am besten aus?<\/h2>\n<p>Kompakte, nicht beziehungsweise nur dezent gestufte Haarschnitte sind in der Regel von Vorteil.<\/p>\n<ul>\n<li><strong>Feines Haar und Pony: Geht das?<\/strong><br \/>\nDas geht auf jeden Fall! Er ben\u00f6tigt allerdings mehr Aufmerksamkeit, da er schneller fettet, vor allem in der warmen Jahreszeit.<\/li>\n<li><strong>Welche Frisuren sind bei <a href=\"https:\/\/www.herold.at\/blog\/brillentrends\/\" target=\"_blank\" rel=\"noopener noreferrer\">Brillentr\u00e4gerInnen<\/a> mit feinem Haar g\u00fcnstig?<\/strong><br \/>\nDieselben wie bei Kontaktlinsentr\u00e4gerinnen. \ud83d\ude09 Es ist, so wie bei allen Gesichtern, immer individuell.<\/li>\n<li><strong>Feines Haar und Locken beziehungsweise Naturwelle bis Krause: Was sind da die besonderen Herausforderungen?<\/strong><br \/>\nN\u00f6tig ist\u00a0hier ein pr\u00e4ziser, technisch perfekter Haarschnitt, der den Locken eine gute und kompakte Form gibt.<br \/>\nMesserhaarschnitte und \u201eausfransen\u201c sind tabu!<\/li>\n<\/ul>\n<h3>Kann man etwas Nachhaltiges tun gegen d\u00fcnnes Haar?<\/h3>\n<p>Da uns die Beschaffenheit der Haare in die Wiege gelegt wird, ist es wohl am nachhaltigsten, sich damit zu arrangieren und die richtige L\u00e4nge zu finden.<br \/>\nSprich: besser k\u00fcrzer als l\u00e4nger.<\/p>\n<blockquote><p>Wir danken f\u00fcr das Interview!<\/p><\/blockquote>\n<p><strong>Fazit<\/strong>:\u00a0Es geht zwar nicht alles,\u00a0aber feines Haar ist nicht grunds\u00e4tzlich schwierig, wenn man richtig damit umgeht. Also ich lebe damit schon eine Weile ganz gut. Im Zweifelsfall: Frag deinen <strong>Friseur<\/strong>!<\/p>\n<h3>Hier die bestbewerteten Friseure\u00a0in deinem Bundesland:<\/h3>\n<div class=\"herold_bl\"><div class=\"herold_bl_col\"><div class=\"herold_bl_col_inner\"><div class=\"herold_bl_text\"><p>\u2192 <a href=\"https:\/\/www.herold.at\/gelbe-seiten\/wien\/friseur\/\" target=\"_blank\">Wien<\/a><\/p><\/div><div class=\"herold_bl_last\"><\/div><div class=\"tobelastincol\"><\/div><div class=\"herold_bl_text\"><p>\u2192 <a href=\"https:\/\/www.herold.at\/gelbe-seiten\/burgenland\/friseur\/\" target=\"_blank\">Burgenland<\/a><\/p><\/div><div class=\"herold_bl_last\"><\/div><div class=\"tobelastincol\"><\/div><div class=\"herold_bl_text\"><p>\u2192 <a href=\"https:\/\/www.herold.at\/gelbe-seiten\/salzburg\/friseur\/\" target=\"_blank\">Salzburg<\/a><\/p><\/div><div class=\"herold_bl_last\"><\/div><div class=\"tobelastincol\"><\/div><\/div><\/div><div class=\"herold_bl_col\"><div class=\"herold_bl_col_inner\"><div class=\"herold_bl_text\"><p>\u2192 <a href=\"https:\/\/www.herold.at\/gelbe-seiten\/nieder\u00f6sterreich\/friseur\/\" target=\"_blank\">Nieder\u00f6sterreich<\/a><\/p><\/div><div class=\"herold_bl_last\"><\/div><div class=\"tobelastincol\"><\/div><div class=\"herold_bl_text\"><p>\u2192 <a href=\"https:\/\/www.herold.at\/gelbe-seiten\/steiermark\/friseur\/\" target=\"_blank\">Steiermark<\/a><\/p><\/div><div class=\"herold_bl_last\"><\/div><div class=\"tobelastincol\"><\/div><div class=\"herold_bl_text\"><p>\u2192 <a href=\"https:\/\/www.herold.at\/gelbe-seiten\/tirol\/friseur\/\" target=\"_blank\">Tirol<\/a><\/p><\/div><div class=\"herold_bl_last\"><\/div><div class=\"tobelastincol\"><\/div><\/div><\/div><div class=\"herold_bl_col\"><div class=\"herold_bl_col_inner\"><div class=\"herold_bl_text\"><p>\u2192 <a href=\"https:\/\/www.herold.at\/gelbe-seiten\/ober\u00f6sterreich\/friseur\/\" target=\"_blank\">Ober\u00f6sterreich<\/a><\/p><\/div><div class=\"herold_bl_last\"><\/div><div class=\"tobelastincol\"><\/div><div class=\"herold_bl_text\"><p>\u2192 <a href=\"https:\/\/www.herold.at\/gelbe-seiten\/k\u00e4rnten\/friseur\/\" target=\"_blank\">K\u00e4rnten<\/a><\/p><\/div><div class=\"herold_bl_last\"><\/div><div class=\"tobelastincol\"><\/div><div class=\"herold_bl_text\"><p>\u2192 <a href=\"https:\/\/www.herold.at\/gelbe-seiten\/vorarlberg\/friseur\/\" target=\"_blank\">Vorarlberg<\/a><\/p><\/div><div class=\"herold_bl_last\"><\/div><div class=\"tobelastincol\"><\/div><\/div><\/div><\/div>\n","protected":false},"excerpt":{"rendered":"<p>Frisuren f\u00fcr feines Haar sind anders. Fein ist sch\u00f6n, d\u00fcnn ist gut, aber nicht beim Haupthaar. Sogar bei der Figur ist fit das neue Schlank.\u00a0Viele finden, dass\u00a0feines, d\u00fcnnes Haar das Schlimmste \u00fcberhaupt ist. Also abgesehen vom Haarausfall oder wenig Haar, aber das ist eine ganz andere Geschichte. Bl\u00e4ttert man durch Frauenzeitschriften, Instagram- und Pinterest-Accounts oder schaut sich\u00a0bewusst die TV-Spots f\u00fcr Haarshampoo an,\u00a0k\u00f6nnte man meinen, alle Frauen haben Tonnen von dicken, gesunden Haaren auf dem Kopf. Das muss ja weh tun bei dem Gewicht! Feines Haar: nicht so schlimm, wie du denkst Die Wirklichkeit so ganz ohne Photoshop sieht freilich anders aus. Tats\u00e4chlich haben viele Menschen, M\u00e4nner und Frauen,\u00a0feines Haar oder glauben zumindest, sie h\u00e4tten welches. Die schlechte Nachricht ist: Es gibt kein Patentrezept dagegen. Dein Friseur\u00a0kann dir nat\u00fcrlich einen speziellen Schnitt verpassen und er hat wohl auch das eine oder andere Pr\u00e4parat, dass feines Haar etwas aufplustert. Und dass die Kopfhaut gesund sein sollte und Haare gute Nahrung, also einen vern\u00fcnftigen Lifestyle brauchen, ist irgendwie logisch. Es m\u00fcssen nicht immer Superfoods sein oder Nahrungserg\u00e4nzungsmittel aus der Apotheke, aber wer sich &#8220;mangelern\u00e4hrt&#8221;, der hungert auch\u00a0die Haarpracht\u00a0aus, ich sag&#8217;s nur. Die richtigen Frisuren f\u00fcr feines Haar Neben dem richtigen Umgang mit dem, was man hat, gibt es nat\u00fcrlich schon ein paar Tricks. Ich rede nicht von Haarteilen, Transplantationen\u00a0oder permanenten Extensions. Eine sehr elegante und gesunde Methode, Haarqualit\u00e4t\u00a0samt Optik zu verbessern, ist Olaplex. Zu weniger &#8220;invasiven&#8221;, operativen und auch weniger kostspieligen Methoden habe ich wieder einmal einen befragt, der es wissen muss und auch wei\u00df: meinen Friseur. Wolfgang Steinbauer von propaganda\u00a0wien\u00a0zaubert seit vielen Jahren aus meinen feinen &#8220;Fuzzelhaaren&#8221; so\u00a0wunderbare geometrische, exakte Haarschnitte, dass mich immer wieder Menschen fragen, wer denn meine zauberhafte Frisur gemacht h\u00e4tte. Das war, als ich noch langes Haar hatte, nicht so! Individuen brauchen individuelle Beratung. Ich bin durchaus ein Freund von DIY und auch von allgemein g\u00fcltigen Regeln, aber auf meinem Kopf darf nur ein Profi werken und meine Frisur soll zu mir\u00a0passen. Schlie\u00dflich sieht man die ja meistens! Und dass Superstars auf Reisen ihren Friseur mitnehmen, verstehe ich \u00fcbrigens total. Also los geht&#8217;s! Wolfgang Steinbauer f\u00fcr den HEROLD Blog: Gibt es eine fachliche Definition f\u00fcr feines Haar ? Als\u00a0&#8220;feines Haar&#8221;\u00a0bezeichnet man technisch gesehen Haare, die einen geringeren Durchmesser haben als 0,04mm. Wenn man sich nicht auf sein Gef\u00fchl verlassen m\u00f6chte, hat man die M\u00f6glichkeit ein sogenanntes Haarst\u00e4rkenmessger\u00e4t zur Hilfe zu nehmen, um festzustellen, ob es sich tats\u00e4chlich um feines Haar handelt \u2013 was vor allem bei Dauerwellen oder beim Haare f\u00e4rben relevant ist, um das richtige Pr\u00e4parat zu bestimmen. Wie hoch ist etwa der Prozentsatz an KundInnen mit diesem &#8220;Problem&#8221;? Ich w\u00fcrde es nicht unbedingt als Problem sehen, da erst die Kombination aus feinem und d\u00fcnnem Haar nicht gerne akzeptiert wird.\u00a0Bei feinem oder dickem Haar geht es wie gesagt um den Durchmesser. Im Bezug auf die Haarmenge spricht man dann von d\u00fcnnem oder vollem Haar. Feines Haar, das voll ist, ist also nicht unbedingt schlechter als dickes Haar, das d\u00fcnn angesiedelt ist! Ich w\u00fcrde aber den Prozentsatz der [&hellip;]<\/p>\n","protected":false},"author":40,"featured_media":160012,"comment_status":"open","ping_status":"closed","sticky":false,"template":"","format":"standard","meta":{"inline_featured_image":false,"footnotes":""},"categories":[82804],"tags":[],"acf":[],"yoast_head":"\n<title>Frisuren f\u00fcr feines Haar machen aus wenig alles - HEROLD.at<\/title>\n<meta name=\"description\" content=\"Spaghettilocken? D\u00fcnnes Haar statt Haarpracht? Frisuren f\u00fcr feines Haar machen das beste aus deinem Typ. Der HEROLD Blog wei\u00df wie.\" \/>\n<meta name=\"robots\" content=\"index, follow, max-snippet:-1, max-image-preview:large, max-video-preview:-1\" \/>\n<link rel=\"canonical\" href=\"https:\/\/www.herold.at\/blog\/frisuren-fuer-feines-haar-tipps-tricks-schnitte\/\" \/>\n<meta property=\"og:locale\" content=\"de_DE\" \/>\n<meta property=\"og:type\" content=\"article\" \/>\n<meta property=\"og:title\" content=\"Frisuren f\u00fcr feines Haar sind keine Hexerei. Zumindest nicht f\u00fcr den Friseur.\" \/>\n<meta property=\"og:description\" content=\"Spaghettilocken? D\u00fcnnes Haar statt Haarpracht? Frisuren f\u00fcr feines Haar machen das beste aus deinem Typ. Der HEROLD Blog wei\u00df wie.\" \/>\n<meta property=\"og:url\" content=\"https:\/\/www.herold.at\/blog\/frisuren-fuer-feines-haar-tipps-tricks-schnitte\/\" \/>\n<meta property=\"og:site_name\" content=\"Herold Blog\" \/>\n<meta property=\"article:publisher\" content=\"https:\/\/www.facebook.com\/derherold\" \/>\n<meta property=\"article:published_time\" content=\"2019-02-06T15:00:58+00:00\" \/>\n<meta property=\"article:modified_time\" content=\"2021-08-04T12:21:37+00:00\" \/>\n<meta property=\"og:image\" content=\"https:\/\/www.herold.at\/blog\/wp-content\/uploads\/2019\/02\/feines-Haar-Frisuren.-Adobe-Stock-c-contrastwerkstatt.jpg\" \/>\n\t<meta property=\"og:image:width\" content=\"830\" \/>\n\t<meta property=\"og:image:height\" content=\"553\" \/>\n\t<meta property=\"og:image:type\" content=\"image\/jpeg\" \/>\n<meta name=\"author\" content=\"HEROLD\" \/>\n<meta name=\"twitter:label1\" content=\"Verfasst von\" \/>\n\t<meta name=\"twitter:data1\" content=\"HEROLD\" \/>\n\t<meta name=\"twitter:label2\" content=\"Gesch\u00e4tzte Lesezeit\" \/>\n\t<meta name=\"twitter:data2\" content=\"5 Minuten\" \/>\n<script type=\"application\/ld+json\" class=\"yoast-schema-graph\">{\"@context\":\"https:\/\/schema.org\",\"@graph\":[{\"@type\":\"WebPage\",\"@id\":\"https:\/\/www.herold.at\/blog\/frisuren-fuer-feines-haar-tipps-tricks-schnitte\/\",\"url\":\"https:\/\/www.herold.at\/blog\/frisuren-fuer-feines-haar-tipps-tricks-schnitte\/\",\"name\":\"Frisuren f\u00fcr feines Haar machen aus wenig alles - HEROLD.at\",\"isPartOf\":{\"@id\":\"https:\/\/www.herold.at\/blog\/#website\"},\"datePublished\":\"2019-02-06T15:00:58+00:00\",\"dateModified\":\"2021-08-04T12:21:37+00:00\",\"author\":{\"@id\":\"https:\/\/www.herold.at\/blog\/#\/schema\/person\/f860cc8aff92bc3f38fe7762fc1d6d4c\"},\"description\":\"Spaghettilocken? D\u00fcnnes Haar statt Haarpracht? Frisuren f\u00fcr feines Haar machen das beste aus deinem Typ. Der HEROLD Blog wei\u00df wie.\",\"breadcrumb\":{\"@id\":\"https:\/\/www.herold.at\/blog\/frisuren-fuer-feines-haar-tipps-tricks-schnitte\/#breadcrumb\"},\"inLanguage\":\"de-DE\",\"potentialAction\":[{\"@type\":\"ReadAction\",\"target\":[\"https:\/\/www.herold.at\/blog\/frisuren-fuer-feines-haar-tipps-tricks-schnitte\/\"]}]},{\"@type\":\"BreadcrumbList\",\"@id\":\"https:\/\/www.herold.at\/blog\/frisuren-fuer-feines-haar-tipps-tricks-schnitte\/#breadcrumb\",\"itemListElement\":[{\"@type\":\"ListItem\",\"position\":1,\"name\":\"Home\",\"item\":\"https:\/\/www.herold.at\/blog\/\"},{\"@type\":\"ListItem\",\"position\":2,\"name\":\"Frisuren f\u00fcr feines Haar\"}]},{\"@type\":\"WebSite\",\"@id\":\"https:\/\/www.herold.at\/blog\/#website\",\"url\":\"https:\/\/www.herold.at\/blog\/\",\"name\":\"Herold Blog\",\"description\":\"Ratgeber &amp; Blog von herold.at\",\"potentialAction\":[{\"@type\":\"SearchAction\",\"target\":{\"@type\":\"EntryPoint\",\"urlTemplate\":\"https:\/\/www.herold.at\/blog\/?s={search_term_string}\"},\"query-input\":\"required name=search_term_string\"}],\"inLanguage\":\"de-DE\"},{\"@type\":\"Person\",\"@id\":\"https:\/\/www.herold.at\/blog\/#\/schema\/person\/f860cc8aff92bc3f38fe7762fc1d6d4c\",\"name\":\"HEROLD\",\"url\":\"https:\/\/www.herold.at\/blog\/author\/herold\/\"}]}<\/script>\n","yoast_head_json":{"title":"Frisuren f\u00fcr feines Haar machen aus wenig alles - HEROLD.at","description":"Spaghettilocken? D\u00fcnnes Haar statt Haarpracht? Frisuren f\u00fcr feines Haar machen das beste aus deinem Typ. Der HEROLD Blog wei\u00df wie.","robots":{"index":"index","follow":"follow","max-snippet":"max-snippet:-1","max-image-preview":"max-image-preview:large","max-video-preview":"max-video-preview:-1"},"canonical":"https:\/\/www.herold.at\/blog\/frisuren-fuer-feines-haar-tipps-tricks-schnitte\/","og_locale":"de_DE","og_type":"article","og_title":"Frisuren f\u00fcr feines Haar sind keine Hexerei. Zumindest nicht f\u00fcr den Friseur.","og_description":"Spaghettilocken? D\u00fcnnes Haar statt Haarpracht? Frisuren f\u00fcr feines Haar machen das beste aus deinem Typ. Der HEROLD Blog wei\u00df wie.","og_url":"https:\/\/www.herold.at\/blog\/frisuren-fuer-feines-haar-tipps-tricks-schnitte\/","og_site_name":"Herold Blog","article_publisher":"https:\/\/www.facebook.com\/derherold","article_published_time":"2019-02-06T15:00:58+00:00","article_modified_time":"2021-08-04T12:21:37+00:00","og_image":[{"width":830,"height":553,"url":"https:\/\/www.herold.at\/blog\/wp-content\/uploads\/2019\/02\/feines-Haar-Frisuren.-Adobe-Stock-c-contrastwerkstatt.jpg","type":"image\/jpeg"}],"author":"HEROLD","twitter_misc":{"Verfasst von":"HEROLD","Gesch\u00e4tzte Lesezeit":"5 Minuten"},"schema":{"@context":"https:\/\/schema.org","@graph":[{"@type":"WebPage","@id":"https:\/\/www.herold.at\/blog\/frisuren-fuer-feines-haar-tipps-tricks-schnitte\/","url":"https:\/\/www.herold.at\/blog\/frisuren-fuer-feines-haar-tipps-tricks-schnitte\/","name":"Frisuren f\u00fcr feines Haar machen aus wenig alles - HEROLD.at","isPartOf":{"@id":"https:\/\/www.herold.at\/blog\/#website"},"datePublished":"2019-02-06T15:00:58+00:00","dateModified":"2021-08-04T12:21:37+00:00","author":{"@id":"https:\/\/www.herold.at\/blog\/#\/schema\/person\/f860cc8aff92bc3f38fe7762fc1d6d4c"},"description":"Spaghettilocken? D\u00fcnnes Haar statt Haarpracht? Frisuren f\u00fcr feines Haar machen das beste aus deinem Typ. Der HEROLD Blog wei\u00df wie.","breadcrumb":{"@id":"https:\/\/www.herold.at\/blog\/frisuren-fuer-feines-haar-tipps-tricks-schnitte\/#breadcrumb"},"inLanguage":"de-DE","potentialAction":[{"@type":"ReadAction","target":["https:\/\/www.herold.at\/blog\/frisuren-fuer-feines-haar-tipps-tricks-schnitte\/"]}]},{"@type":"BreadcrumbList","@id":"https:\/\/www.herold.at\/blog\/frisuren-fuer-feines-haar-tipps-tricks-schnitte\/#breadcrumb","itemListElement":[{"@type":"ListItem","position":1,"name":"Home","item":"https:\/\/www.herold.at\/blog\/"},{"@type":"ListItem","position":2,"name":"Frisuren f\u00fcr feines Haar"}]},{"@type":"WebSite","@id":"https:\/\/www.herold.at\/blog\/#website","url":"https:\/\/www.herold.at\/blog\/","name":"Herold Blog","description":"Ratgeber &amp; Blog von herold.at","potentialAction":[{"@type":"SearchAction","target":{"@type":"EntryPoint","urlTemplate":"https:\/\/www.herold.at\/blog\/?s={search_term_string}"},"query-input":"required name=search_term_string"}],"inLanguage":"de-DE"},{"@type":"Person","@id":"https:\/\/www.herold.at\/blog\/#\/schema\/person\/f860cc8aff92bc3f38fe7762fc1d6d4c","name":"HEROLD","url":"https:\/\/www.herold.at\/blog\/author\/herold\/"}]}},"fimg_url":"https:\/\/www.herold.at\/blog\/wp-content\/uploads\/2019\/02\/feines-Haar-Frisuren.-Adobe-Stock-c-contrastwerkstatt-560x360.jpg","_links":{"self":[{"href":"https:\/\/www.herold.at\/blog\/wp-json\/wp\/v2\/posts\/16221"}],"collection":[{"href":"https:\/\/www.herold.at\/blog\/wp-json\/wp\/v2\/posts"}],"about":[{"href":"https:\/\/www.herold.at\/blog\/wp-json\/wp\/v2\/types\/post"}],"author":[{"embeddable":true,"href":"https:\/\/www.herold.at\/blog\/wp-json\/wp\/v2\/users\/40"}],"replies":[{"embeddable":true,"href":"https:\/\/www.herold.at\/blog\/wp-json\/wp\/v2\/comments?post=16221"}],"version-history":[{"count":66,"href":"https:\/\/www.herold.at\/blog\/wp-json\/wp\/v2\/posts\/16221\/revisions"}],"predecessor-version":[{"id":242607,"href":"https:\/\/www.herold.at\/blog\/wp-json\/wp\/v2\/posts\/16221\/revisions\/242607"}],"wp:featuredmedia":[{"embeddable":true,"href":"https:\/\/www.herold.at\/blog\/wp-json\/wp\/v2\/media\/160012"}],"wp:attachment":[{"href":"https:\/\/www.herold.at\/blog\/wp-json\/wp\/v2\/media?parent=16221"}],"wp:term":[{"taxonomy":"category","embeddable":true,"href":"https:\/\/www.herold.at\/blog\/wp-json\/wp\/v2\/categories?post=16221"},{"taxonomy":"post_tag","embeddable":true,"href":"https:\/\/www.herold.at\/blog\/wp-json\/wp\/v2\/tags?post=16221"}],"curies":[{"name":"wp","href":"https:\/\/api.w.org\/{rel}","templated":true}]}}