{"id":16223,"date":"2021-01-15T10:00:57","date_gmt":"2021-01-15T09:00:57","guid":{"rendered":"https:\/\/www.herold.at\/blog\/?p=16223"},"modified":"2021-03-08T11:15:17","modified_gmt":"2021-03-08T10:15:17","slug":"haarfarben-trends","status":"publish","type":"post","link":"https:\/\/www.herold.at\/blog\/haarfarben-trends\/","title":{"rendered":"Haarfarben Trends 2021: die gro\u00dfe Freiheit"},"content":{"rendered":"<figure id=\"attachment_136647\" aria-describedby=\"caption-attachment-136647\" style=\"width: 830px\" class=\"wp-caption alignnone\"><img decoding=\"async\" loading=\"lazy\" class=\"wp-image-136647 size-full\" src=\"https:\/\/www.herold.at\/blog\/wp-content\/uploads\/2019\/01\/Haarfarben-trends-c-hedgehog94-1.jpg\" alt=\"Haarfarben trends\" width=\"830\" height=\"370\" srcset=\"https:\/\/www.herold.at\/blog\/wp-content\/uploads\/2019\/01\/Haarfarben-trends-c-hedgehog94-1.jpg 830w, https:\/\/www.herold.at\/blog\/wp-content\/uploads\/2019\/01\/Haarfarben-trends-c-hedgehog94-1-300x134.jpg 300w, https:\/\/www.herold.at\/blog\/wp-content\/uploads\/2019\/01\/Haarfarben-trends-c-hedgehog94-1-768x342.jpg 768w\" sizes=\"(max-width: 830px) 100vw, 830px\" \/><figcaption id=\"caption-attachment-136647\" class=\"wp-caption-text\">Wir kennen die aktuellen Haarfarben Trends von Blond bis Kupfer, von lockig bis glatt. Foto: Adobe Stock (c) hedgehog94<\/figcaption><\/figure>\n<p>Was spielt sich 2021 auf unseren K\u00f6pfen ab? Welche Schattierungen und Highlights geben heuer den Ton bei Damenfrisuren an? Was macht der Jahreswechsel in Sachen Farben neu? Und welcher Trend aus den letzten Jahren hat sich toll bew\u00e4hrt und wurde eventuell sogar noch verbessert? Gibt es Farben, die uns wie von gestern wirken lassen? Oder darf man heuer wirklich alles? Der HEROLD verr\u00e4t dir die <strong>Haarfarben Trends 2021<\/strong> f\u00fcr Frauen!<\/p>\n\n<h3>Haarfarben Trends 2021: Was gar nicht geht.<\/h3>\n<p>Es bliebt dabei: <strong>Haare selber f\u00e4rben ist ein No-Go<\/strong>. Gl\u00e4nzendes, gesundes, vitales Haar hat niemand, der es mit zu viel falscher Chemie qu\u00e4lt. Du achtest auf deine <a href=\"https:\/\/www.herold.at\/blog\/was-macht-schoene-haare-biotin\/\" target=\"_blank\" rel=\"noopener noreferrer\">Ern\u00e4hrung<\/a> und stehst auf<a href=\"https:\/\/www.herold.at\/blog\/superfood-acai-chia-goji\/\"> <strong>Superfoods<\/strong><\/a>, machst immer genug von der richtigen Bewegung, treibst also regelm\u00e4\u00dfig Sport, sogar im <strong><a href=\"https:\/\/www.herold.at\/blog\/indoor-aktivitaeten-wien-winter-sport\/\">Winter<\/a><\/strong>?\u00a0Vielleicht l\u00e4sst du deine <strong><a href=\"https:\/\/www.herold.at\/blog\/aesthetische-zahnheilkunde\/\">Z\u00e4hne bleichen<\/a><\/strong> f\u00fcr ein noch attraktiveres \u00c4u\u00dferes? Und dann l\u00e4ufst du mit mattem, strohigen Haar herum, das vom F\u00e4rben zuhause zu Berge stehen w\u00fcrde, wenn es k\u00f6nnte? Eben.<\/p>\n<h3>Bei den Haarfarben Trends 2021 ist tats\u00e4chlich fast alles erlaubt.<\/h3>\n<p>Die Trendmacher waren gn\u00e4dig. Viele der sch\u00f6nen Effekte und spektakul\u00e4ren Farbspiele aus 2020 und den vergangenen Jahren\u00a0d\u00fcrfen bleiben. So viel sei gleich verraten: Einige der uns lieb gewordenen F\u00e4rbetechniken wie Balayage oder auch Farben wie Grau, an die wir uns gew\u00f6hnt haben, sind auch heuer immer noch en vogue.<\/p>\n<p>Insgesamt wird alles schmeichelhafter und nat\u00fcrlicher, hat man den Eindruck. Allein der Trend, dass man jetzt den nachwachsenden Ansatz nach einer drastischen Farbver\u00e4nderung sehen darf, ja sogar sehen soll, macht uns Frauen das Leben viel leichter! Schlie\u00dflich haben wir ja auch noch zwei, drei andere Sachen zu tun im Alltag. Wer es besonders bunt mag, darf nat\u00fcrlich trotzdem weiterhin auf knallige Farben setzen. Erlaubt ist am Ende, was gef\u00e4llt.<\/p>\n<h2>Top 7 Haarfarben Trends 2021<\/h2>\n<h3>1. Blond<\/h3>\n<p>Blond spielt dieses Jahr wirklich alle St\u00fcckerl! Mit dieser Haarfarbe kannst du absolut nichts falsch machen. Au\u00dfer du kaprizierst dich auf einen Ton, der nicht zu deinem Teint passt. Doch deine Friseurin kann diesbez\u00fcglich Schlimmes verhindern. Grunds\u00e4tzlich darf Blond wieder w\u00e4rmer werden wie es scheint, denn Karamellblond ist der absolute Renner. Diese erhellenden T\u00f6ne werden 2021 besonders gefragt sein:<\/p>\n<ul>\n<li>dunkler Ansatz in blondem Haar<\/li>\n<li>Karamellblond<\/li>\n<li>Pastellblond<\/li>\n<li>Perlmuttblond<\/li>\n<li>Vanilleblond<\/li>\n<li>Bernsteinblond<\/li>\n<\/ul>\n<h3>2. Balayage<\/h3>\n<blockquote class=\"instagram-media\" style=\"background: #FFF; border: 0; border-radius: 3px; box-shadow: 0 0 1px 0 rgba(0,0,0,0.5),0 1px 10px 0 rgba(0,0,0,0.15); margin: 1px; max-width: 540px; min-width: 326px; padding: 0; width: calc(100% - 2px);\" data-instgrm-permalink=\"https:\/\/www.instagram.com\/p\/Bs8yZt1liUb\/?utm_source=ig_embed&amp;utm_medium=loading\" data-instgrm-version=\"12\">\n<div style=\"padding: 16px;\">\n<p>&nbsp;<\/p>\n<div style=\"display: flex; flex-direction: row; align-items: center;\"><\/div>\n<div style=\"padding: 19% 0;\"><\/div>\n<div style=\"display: block; height: 50px; margin: 0 auto 12px; width: 50px;\"><\/div>\n<div style=\"padding-top: 8px;\">\n<div style=\"color: #3897f0; font-family: Arial,sans-serif; font-size: 14px; font-style: normal; font-weight: 550; line-height: 18px;\">Sieh dir diesen Beitrag auf Instagram an<\/div>\n<\/div>\n<div style=\"padding: 12.5% 0;\"><\/div>\n<div style=\"display: flex; flex-direction: row; margin-bottom: 14px; align-items: center;\"><\/div>\n<div style=\"display: flex; flex-direction: column; flex-grow: 1; justify-content: center; margin-bottom: 24px;\"><\/div>\n<p>&nbsp;<\/p>\n<p style=\"color: #c9c8cd; font-family: Arial,sans-serif; font-size: 14px; line-height: 17px; margin-bottom: 0; margin-top: 8px; overflow: hidden; padding: 8px 0 7px; text-align: center; text-overflow: ellipsis; white-space: nowrap;\"><a style=\"color: #c9c8cd; font-family: Arial,sans-serif; font-size: 14px; font-style: normal; font-weight: normal; line-height: 17px; text-decoration: none;\" href=\"https:\/\/www.instagram.com\/p\/Bs8yZt1liUb\/?utm_source=ig_embed&amp;utm_medium=loading\" target=\"_blank\" rel=\"noopener noreferrer\">Ein Beitrag geteilt von S A R M A D N A J E M (@hairbysarmad)<\/a> am <time style=\"font-family: Arial,sans-serif; font-size: 14px; line-height: 17px;\" datetime=\"2019-01-22T20:12:26+00:00\">Jan 22, 2019 um 12:12 PST<\/time><\/p>\n<\/div>\n<\/blockquote>\n<p><script async src=\"\/\/www.instagram.com\/embed.js\"><\/script><\/p>\n<p><span style=\"color: #333333;\">Um dieses bet\u00f6rende Farbenspiel w\u00e4re es aber auch wirklich zu schade gewesen! Wir sind gl\u00fccklich: <strong>Balayage<\/strong> bleibt weiterhin in Mode. Die \u00dcberg\u00e4nge sind 2021 weniger dramatisch und noch harmonischer. Man kann sagen, dass alles, was aufgehellt wird, mehr W\u00e4rme zeigt. Diese Technik, bei der von Hand mit dem Pinsel Akzente und Highlights gesetzt werden, ist grunds\u00e4tzlich f\u00fcr alle Grundhaarfarben geeignet. Deutliche, farblich abgesetzte Kontraste sieht man 2021 eher nur bei schwarzer Haarfarbe, die mit bunten T\u00f6nen kombiniert wird &#8211; insgesamt wohl ein Randthema, Stichwort: Black Ombr\u00e9.<\/span><\/p>\n<h3>3. Grau<\/h3>\n<figure id=\"attachment_136650\" aria-describedby=\"caption-attachment-136650\" style=\"width: 830px\" class=\"wp-caption alignnone\"><img decoding=\"async\" loading=\"lazy\" class=\"wp-image-136650 size-full\" src=\"https:\/\/www.herold.at\/blog\/wp-content\/uploads\/2019\/01\/Haarfarben-trends-c-kegfire.jpg\" alt=\"Haarfarben trends\" width=\"830\" height=\"370\" srcset=\"https:\/\/www.herold.at\/blog\/wp-content\/uploads\/2019\/01\/Haarfarben-trends-c-kegfire.jpg 830w, https:\/\/www.herold.at\/blog\/wp-content\/uploads\/2019\/01\/Haarfarben-trends-c-kegfire-300x134.jpg 300w, https:\/\/www.herold.at\/blog\/wp-content\/uploads\/2019\/01\/Haarfarben-trends-c-kegfire-768x342.jpg 768w\" sizes=\"(max-width: 830px) 100vw, 830px\" \/><figcaption id=\"caption-attachment-136650\" class=\"wp-caption-text\">Auch 2021 ist Grey wieder bei den Haarfarben Trends! Foto: Adobe Stock (c) kegfire<\/figcaption><\/figure>\n<p>Auch\u00a0\u00fcber diese Farbe\u00a0als Beauty Trend freuen wir uns sehr. Denn dass &#8220;Grey&#8221; vor ein paar Jahren ganz gro\u00df herauskam und nicht mehr nur unseren Gro\u00dfm\u00fcttern und F\u00e4rbemuffeln vorbehalten blieb, war eine echte Bereicherung, auch im Stadtbild. Ein jugendliches Gesicht mit grauem Haarschopf dar\u00fcber, erzeugt bei vielen einen innovativen, stylischen Eindruck. Bereits\u00a02020 hat Pastell als Idee dazu aufgezeigt, heuer kommt es als Unterton von Grau deutlich \u00f6fter vor. Auch mit Braun wird Grau unterlegt und so zum &#8220;Warm Grey&#8221; verzaubert. Ja bitte, her damit!<\/p>\n<h3>4. Kupfer<\/h3>\n<figure id=\"attachment_136653\" aria-describedby=\"caption-attachment-136653\" style=\"width: 830px\" class=\"wp-caption alignnone\"><img decoding=\"async\" loading=\"lazy\" class=\"wp-image-136653 size-full\" src=\"https:\/\/www.herold.at\/blog\/wp-content\/uploads\/2019\/01\/Haarfarben-trends-c-yellowj.jpg\" alt=\"Haarfarben trends\" width=\"830\" height=\"370\" srcset=\"https:\/\/www.herold.at\/blog\/wp-content\/uploads\/2019\/01\/Haarfarben-trends-c-yellowj.jpg 830w, https:\/\/www.herold.at\/blog\/wp-content\/uploads\/2019\/01\/Haarfarben-trends-c-yellowj-300x134.jpg 300w, https:\/\/www.herold.at\/blog\/wp-content\/uploads\/2019\/01\/Haarfarben-trends-c-yellowj-768x342.jpg 768w\" sizes=\"(max-width: 830px) 100vw, 830px\" \/><figcaption id=\"caption-attachment-136653\" class=\"wp-caption-text\">Ganz klar unter den Haarfarben Trends 2021 liegen Kupfert\u00f6ne! Foto: Adobe Stock (c) yellowj<\/figcaption><\/figure>\n<p>Nat\u00fcrlich rotes Haar wird ja weltweit immer seltener. Da erscheint der hei\u00dfeste Haarfarben Trend 2021 fast zwingend logisch. Kupfert\u00f6ne in allen Variationen machen sichtbar, gl\u00e4nzen verf\u00fchrerisch in der Sonne und &#8211; Achtung, jetzt kommt&#8217;s &#8211; stehen nicht jedem! Du kannst deinen nat\u00fcrlichen Rotton beim Friseur heuer einfach aufpeppen lassen und liegst voll im Trend. Willst du von einer anderen Naturfarbe in Richtung Rot wechseln, lass dich bitte auf alle F\u00e4lle beim Profi beraten.<\/p>\n<h3>5. Schokolade<\/h3>\n<p>Nicht nur Blondinen d\u00fcrfen in diesem Jahr mehr Spa\u00df haben, denn auch Br\u00fcnette kommen ganz gro\u00df raus. Die angesagten Braunt\u00f6ne sind satt und warm. Nat\u00fcrliche Lebendigkeit ist quasi das Gebot der Stunde. Da darf blo\u00df nichts K\u00fchles, Graues oder gar Stumpfes zu sehen sein bitte! Wer seine braune Naturfarbe satt hat, kann ja in Richtung Rot gehen. Oder, wenn dies zur Farbe deiner Haut nicht passt, bliebt zum Beispiel immer noch Karamell. Du siehst: <a href=\"https:\/\/de.wikipedia.org\/wiki\/Anything_Goes\"><strong>Anything Goes<\/strong><\/a>\u00a0stimmt wirklich.<\/p>\n<h3>5. Face Framing<\/h3>\n<blockquote class=\"instagram-media\" style=\"background: #FFF; border: 0; border-radius: 3px; box-shadow: 0 0 1px 0 rgba(0,0,0,0.5),0 1px 10px 0 rgba(0,0,0,0.15); margin: 1px; max-width: 540px; min-width: 326px; padding: 0; width: calc(100% - 2px);\" data-instgrm-permalink=\"https:\/\/www.instagram.com\/p\/BeY9zQpFTnK\/?utm_source=ig_embed&amp;utm_medium=loading\" data-instgrm-version=\"12\">\n<div style=\"padding: 16px;\">\n<p>&nbsp;<\/p>\n<div style=\"display: flex; flex-direction: row; align-items: center;\"><\/div>\n<div style=\"padding: 19% 0;\"><\/div>\n<div style=\"display: block; height: 50px; margin: 0 auto 12px; width: 50px;\"><\/div>\n<div style=\"padding-top: 8px;\">\n<div style=\"color: #3897f0; font-family: Arial,sans-serif; font-size: 14px; font-style: normal; font-weight: 550; line-height: 18px;\">Sieh dir diesen Beitrag auf Instagram an<\/div>\n<\/div>\n<div style=\"padding: 12.5% 0;\"><\/div>\n<div style=\"display: flex; flex-direction: row; margin-bottom: 14px; align-items: center;\"><\/div>\n<div style=\"display: flex; flex-direction: column; flex-grow: 1; justify-content: center; margin-bottom: 24px;\"><\/div>\n<p>&nbsp;<\/p>\n<p style=\"color: #c9c8cd; font-family: Arial,sans-serif; font-size: 14px; line-height: 17px; margin-bottom: 0; margin-top: 8px; overflow: hidden; padding: 8px 0 7px; text-align: center; text-overflow: ellipsis; white-space: nowrap;\"><a style=\"color: #c9c8cd; font-family: Arial,sans-serif; font-size: 14px; font-style: normal; font-weight: normal; line-height: 17px; text-decoration: none;\" href=\"https:\/\/www.instagram.com\/p\/BeY9zQpFTnK\/?utm_source=ig_embed&amp;utm_medium=loading\" target=\"_blank\" rel=\"noopener noreferrer\">Ein Beitrag geteilt von Kate Gracie Hairstylist \u2728 (@kategracie_chelseahair)<\/a> am <time style=\"font-family: Arial,sans-serif; font-size: 14px; line-height: 17px;\" datetime=\"2018-01-25T22:59:52+00:00\">Jan 25, 2018 um 2:59 PST<\/time><\/p>\n<\/div>\n<\/blockquote>\n<p><script async src=\"\/\/www.instagram.com\/embed.js\"><\/script><\/p>\n<p>Wer erinnert sich noch daran, wie das fr\u00fcher nach langen Ferien am Meer war? Das sonnengebr\u00e4unte Gesicht war von hellem, fast ausgebleichtem Haar umrahmt. Der Gesamteindruck war frisch, jung, erholt. Was die Natur hervorbringt beim Surfen und Schwimmen, kann auch dein Friseur. Denn Face Framing bedeutet nichts anderes als wenige, deutlich helle Str\u00e4hnen rund um dein Gesicht. Eine bezaubernder Look, wenn der Winter gar zu lang werden sollte.<\/p>\n<h3>6. Ros\u00e9<\/h3>\n<blockquote class=\"instagram-media\" style=\"background: #FFF; border: 0; border-radius: 3px; box-shadow: 0 0 1px 0 rgba(0,0,0,0.5),0 1px 10px 0 rgba(0,0,0,0.15); margin: 1px; max-width: 540px; min-width: 326px; padding: 0; width: calc(100% - 2px);\" data-instgrm-permalink=\"https:\/\/www.instagram.com\/p\/BS6nEi5DRvb\/?utm_source=ig_embed&amp;utm_medium=loading\" data-instgrm-version=\"12\">\n<div style=\"padding: 16px;\">\n<p>&nbsp;<\/p>\n<div style=\"display: flex; flex-direction: row; align-items: center;\"><\/div>\n<div style=\"padding: 19% 0;\"><\/div>\n<div style=\"display: block; height: 50px; margin: 0 auto 12px; width: 50px;\"><\/div>\n<div style=\"padding-top: 8px;\">\n<div style=\"color: #3897f0; font-family: Arial,sans-serif; font-size: 14px; font-style: normal; font-weight: 550; line-height: 18px;\">Sieh dir diesen Beitrag auf Instagram an<\/div>\n<\/div>\n<div style=\"padding: 12.5% 0;\"><\/div>\n<div style=\"display: flex; flex-direction: row; margin-bottom: 14px; align-items: center;\"><\/div>\n<div style=\"display: flex; flex-direction: column; flex-grow: 1; justify-content: center; margin-bottom: 24px;\"><\/div>\n<p>&nbsp;<\/p>\n<p style=\"color: #c9c8cd; font-family: Arial,sans-serif; font-size: 14px; line-height: 17px; margin-bottom: 0; margin-top: 8px; overflow: hidden; padding: 8px 0 7px; text-align: center; text-overflow: ellipsis; white-space: nowrap;\"><a style=\"color: #c9c8cd; font-family: Arial,sans-serif; font-size: 14px; font-style: normal; font-weight: normal; line-height: 17px; text-decoration: none;\" href=\"https:\/\/www.instagram.com\/p\/BS6nEi5DRvb\/?utm_source=ig_embed&amp;utm_medium=loading\" target=\"_blank\" rel=\"noopener noreferrer\">Ein Beitrag geteilt von Mariana Devogeski (@maridevogeski)<\/a> am <time style=\"font-family: Arial,sans-serif; font-size: 14px; line-height: 17px;\" datetime=\"2017-04-15T18:18:42+00:00\">Apr 15, 2017 um 11:18 PDT<\/time><\/p>\n<\/div>\n<\/blockquote>\n<p><script async src=\"\/\/www.instagram.com\/embed.js\"><\/script><\/p>\n<p>Ja, okay, okay, das ist die Ausnahme von der Regel, denn mit rosafarbenem Haar wird man meines Wissens nach nicht geboren. Also nix mit neuer Nat\u00fcrlichkeit. Total angesagt ist Ros\u00e9 bei den Haarfarben Trends 2021 trotzdem immer noch. Ich kann mich allerdings des Eindrucks nicht erwehren, dass dieser Trend auf Instagram st\u00e4rker vertreten ist als in der Realit\u00e4t. Charmant!<\/p>\n<h3>7. Anarchie<\/h3>\n<p>Wer als besonders innovativ gelten will, nennt seine Balayage eine Kombination von Babylights, Highligts, Lowlights und Midlights. Das Beitragsbild ganz oben ist ein tolles Beispiel f\u00fcr die Sprachenverwirrung bzw. Markenbildung unter den Figaros. Was f\u00fcr mich z\u00e4hlt , ist ein sch\u00f6nes Ergebnis. Du kannst nat\u00fcrlich auch einen Filter \u00fcber dein Selfie legen und den Friseur an den Rand des Wahnsinns treiben, indem du sagst, er bzw. sie soll genau diese Haarfarbe hinkriegen. Es bleibt dabei: Bei den <strong>Haarfarben Trends 2021<\/strong> ist erlaubt, was gef\u00e4llt! Viel Spa\u00df also!<\/p>\n<div class=\"content-box-yellow\">Du suchst noch mehr<strong> Inspiration f\u00fcr Frisuren<\/strong> und neue Looks? In unserem Beitrag verraten wir die <a href=\"https:\/\/www.herold.at\/blog\/frisurentrends\/\" target=\"_blank\" rel=\"noopener noreferrer\">Frisurentrends f\u00fcr 2021<\/a> und erkl\u00e4ren au\u00dferdem, warum <a href=\"https:\/\/www.herold.at\/blog\/dauerwelle-kosten-styling-pflege\/\" target=\"_blank\" rel=\"noopener noreferrer\">Dauerwelle<\/a> und <a href=\"https:\/\/www.herold.at\/blog\/kurzhaarfrisuren\/\" target=\"_blank\" rel=\"noopener noreferrer\">Kurzhaarfrisuren<\/a> besonders in sind.<\/div>\n<h3>Die besten Friseure in deiner N\u00e4he:<\/h3>\n<div class=\"herold_bl\"><div class=\"herold_bl_col\"><div class=\"herold_bl_col_inner\"><div class=\"herold_bl_text\"><p>\u2192 <a href=\"https:\/\/www.herold.at\/gelbe-seiten\/wien\/friseur\/\" target=\"_blank\">Wien<\/a><\/p><\/div><div class=\"herold_bl_last\"><\/div><div class=\"tobelastincol\"><\/div><div class=\"herold_bl_text\"><p>\u2192 <a href=\"https:\/\/www.herold.at\/gelbe-seiten\/burgenland\/friseur\/\" target=\"_blank\">Burgenland<\/a><\/p><\/div><div class=\"herold_bl_last\"><\/div><div class=\"tobelastincol\"><\/div><div class=\"herold_bl_text\"><p>\u2192 <a href=\"https:\/\/www.herold.at\/gelbe-seiten\/salzburg\/friseur\/\" target=\"_blank\">Salzburg<\/a><\/p><\/div><div class=\"herold_bl_last\"><\/div><div class=\"tobelastincol\"><\/div><\/div><\/div><div class=\"herold_bl_col\"><div class=\"herold_bl_col_inner\"><div class=\"herold_bl_text\"><p>\u2192 <a href=\"https:\/\/www.herold.at\/gelbe-seiten\/nieder\u00f6sterreich\/friseur\/\" target=\"_blank\">Nieder\u00f6sterreich<\/a><\/p><\/div><div class=\"herold_bl_last\"><\/div><div class=\"tobelastincol\"><\/div><div class=\"herold_bl_text\"><p>\u2192 <a href=\"https:\/\/www.herold.at\/gelbe-seiten\/steiermark\/friseur\/\" target=\"_blank\">Steiermark<\/a><\/p><\/div><div class=\"herold_bl_last\"><\/div><div class=\"tobelastincol\"><\/div><div class=\"herold_bl_text\"><p>\u2192 <a href=\"https:\/\/www.herold.at\/gelbe-seiten\/tirol\/friseur\/\" target=\"_blank\">Tirol<\/a><\/p><\/div><div class=\"herold_bl_last\"><\/div><div class=\"tobelastincol\"><\/div><\/div><\/div><div class=\"herold_bl_col\"><div class=\"herold_bl_col_inner\"><div class=\"herold_bl_text\"><p>\u2192 <a href=\"https:\/\/www.herold.at\/gelbe-seiten\/ober\u00f6sterreich\/friseur\/\" target=\"_blank\">Ober\u00f6sterreich<\/a><\/p><\/div><div class=\"herold_bl_last\"><\/div><div class=\"tobelastincol\"><\/div><div class=\"herold_bl_text\"><p>\u2192 <a href=\"https:\/\/www.herold.at\/gelbe-seiten\/k\u00e4rnten\/friseur\/\" target=\"_blank\">K\u00e4rnten<\/a><\/p><\/div><div class=\"herold_bl_last\"><\/div><div class=\"tobelastincol\"><\/div><div class=\"herold_bl_text\"><p>\u2192 <a href=\"https:\/\/www.herold.at\/gelbe-seiten\/vorarlberg\/friseur\/\" target=\"_blank\">Vorarlberg<\/a><\/p><\/div><div class=\"herold_bl_last\"><\/div><div class=\"tobelastincol\"><\/div><\/div><\/div><\/div>\n<div class=\"herold_carousel_title\"><\/div>\n","protected":false},"excerpt":{"rendered":"<p>Was spielt sich 2021 auf unseren K\u00f6pfen ab? Welche Schattierungen und Highlights geben heuer den Ton bei Damenfrisuren an? Was macht der Jahreswechsel in Sachen Farben neu? Und welcher Trend aus den letzten Jahren hat sich toll bew\u00e4hrt und wurde eventuell sogar noch verbessert? Gibt es Farben, die uns wie von gestern wirken lassen? Oder darf man heuer wirklich alles? Der HEROLD verr\u00e4t dir die Haarfarben Trends 2021 f\u00fcr Frauen! Haarfarben Trends 2021: Was gar nicht geht. Es bliebt dabei: Haare selber f\u00e4rben ist ein No-Go. Gl\u00e4nzendes, gesundes, vitales Haar hat niemand, der es mit zu viel falscher Chemie qu\u00e4lt. Du achtest auf deine Ern\u00e4hrung und stehst auf Superfoods, machst immer genug von der richtigen Bewegung, treibst also regelm\u00e4\u00dfig Sport, sogar im Winter?\u00a0Vielleicht l\u00e4sst du deine Z\u00e4hne bleichen f\u00fcr ein noch attraktiveres \u00c4u\u00dferes? Und dann l\u00e4ufst du mit mattem, strohigen Haar herum, das vom F\u00e4rben zuhause zu Berge stehen w\u00fcrde, wenn es k\u00f6nnte? Eben. Bei den Haarfarben Trends 2021 ist tats\u00e4chlich fast alles erlaubt. Die Trendmacher waren gn\u00e4dig. Viele der sch\u00f6nen Effekte und spektakul\u00e4ren Farbspiele aus 2020 und den vergangenen Jahren\u00a0d\u00fcrfen bleiben. So viel sei gleich verraten: Einige der uns lieb gewordenen F\u00e4rbetechniken wie Balayage oder auch Farben wie Grau, an die wir uns gew\u00f6hnt haben, sind auch heuer immer noch en vogue. Insgesamt wird alles schmeichelhafter und nat\u00fcrlicher, hat man den Eindruck. Allein der Trend, dass man jetzt den nachwachsenden Ansatz nach einer drastischen Farbver\u00e4nderung sehen darf, ja sogar sehen soll, macht uns Frauen das Leben viel leichter! Schlie\u00dflich haben wir ja auch noch zwei, drei andere Sachen zu tun im Alltag. Wer es besonders bunt mag, darf nat\u00fcrlich trotzdem weiterhin auf knallige Farben setzen. Erlaubt ist am Ende, was gef\u00e4llt. Top 7 Haarfarben Trends 2021 1. Blond Blond spielt dieses Jahr wirklich alle St\u00fcckerl! Mit dieser Haarfarbe kannst du absolut nichts falsch machen. Au\u00dfer du kaprizierst dich auf einen Ton, der nicht zu deinem Teint passt. Doch deine Friseurin kann diesbez\u00fcglich Schlimmes verhindern. Grunds\u00e4tzlich darf Blond wieder w\u00e4rmer werden wie es scheint, denn Karamellblond ist der absolute Renner. Diese erhellenden T\u00f6ne werden 2021 besonders gefragt sein: dunkler Ansatz in blondem Haar Karamellblond Pastellblond Perlmuttblond Vanilleblond Bernsteinblond 2. Balayage &nbsp; Sieh dir diesen Beitrag auf Instagram an &nbsp; Ein Beitrag geteilt von S A R M A D N A J E M (@hairbysarmad) am Jan 22, 2019 um 12:12 PST Um dieses bet\u00f6rende Farbenspiel w\u00e4re es aber auch wirklich zu schade gewesen! Wir sind gl\u00fccklich: Balayage bleibt weiterhin in Mode. Die \u00dcberg\u00e4nge sind 2021 weniger dramatisch und noch harmonischer. Man kann sagen, dass alles, was aufgehellt wird, mehr W\u00e4rme zeigt. Diese Technik, bei der von Hand mit dem Pinsel Akzente und Highlights gesetzt werden, ist grunds\u00e4tzlich f\u00fcr alle Grundhaarfarben geeignet. Deutliche, farblich abgesetzte Kontraste sieht man 2021 eher nur bei schwarzer Haarfarbe, die mit bunten T\u00f6nen kombiniert wird &#8211; insgesamt wohl ein Randthema, Stichwort: Black Ombr\u00e9. 3. Grau Auch\u00a0\u00fcber diese Farbe\u00a0als Beauty Trend freuen wir uns sehr. Denn dass &#8220;Grey&#8221; vor ein paar Jahren ganz gro\u00df herauskam und [&hellip;]<\/p>\n","protected":false},"author":40,"featured_media":136641,"comment_status":"open","ping_status":"closed","sticky":false,"template":"","format":"standard","meta":{"inline_featured_image":false,"footnotes":""},"categories":[82804],"tags":[],"acf":[],"yoast_head":"\n<title>Haarfarben Trends 2021: Alles ist m\u00f6glich - HEROLD.at<\/title>\n<meta name=\"description\" content=\"Welche Schattierungen und Highlights geben heuer bei Damenfrisuren den Ton an? Das sind die Top 7 Haarfarben Trends im Jahr 2021!\" \/>\n<meta name=\"robots\" content=\"index, follow, max-snippet:-1, max-image-preview:large, max-video-preview:-1\" \/>\n<link rel=\"canonical\" href=\"https:\/\/www.herold.at\/blog\/haarfarben-trends\/\" \/>\n<meta property=\"og:locale\" content=\"de_DE\" \/>\n<meta property=\"og:type\" content=\"article\" \/>\n<meta property=\"og:title\" content=\"Haarfarben Trends 2021: Licht ins Dunkel\" \/>\n<meta property=\"og:description\" content=\"Es geht nicht ums Essen! Beeren, N\u00fcsse, Karamell, Gew\u00fcrze, Lavendel, Rotwein und Bier sind einige der Trendfarben heuer - f\u00fcr dein Haar. Der HEROLD verr\u00e4t dir, wie du mit deiner Frisur zum Trendsetter wirst.\" \/>\n<meta property=\"og:url\" content=\"https:\/\/www.herold.at\/blog\/haarfarben-trends\/\" \/>\n<meta property=\"og:site_name\" content=\"Herold Blog\" \/>\n<meta property=\"article:publisher\" content=\"https:\/\/www.facebook.com\/derherold\" \/>\n<meta property=\"article:published_time\" content=\"2021-01-15T09:00:57+00:00\" \/>\n<meta property=\"article:modified_time\" content=\"2021-03-08T10:15:17+00:00\" \/>\n<meta property=\"og:image\" content=\"https:\/\/www.herold.at\/blog\/wp-content\/uploads\/2019\/01\/Haarfarben-trends-c-hedgehog94.jpg\" \/>\n\t<meta property=\"og:image:width\" content=\"830\" \/>\n\t<meta property=\"og:image:height\" content=\"553\" \/>\n\t<meta property=\"og:image:type\" content=\"image\/jpeg\" \/>\n<meta name=\"author\" content=\"HEROLD\" \/>\n<meta name=\"twitter:label1\" content=\"Verfasst von\" \/>\n\t<meta name=\"twitter:data1\" content=\"HEROLD\" \/>\n\t<meta name=\"twitter:label2\" content=\"Gesch\u00e4tzte Lesezeit\" \/>\n\t<meta name=\"twitter:data2\" content=\"6 Minuten\" \/>\n<script type=\"application\/ld+json\" class=\"yoast-schema-graph\">{\"@context\":\"https:\/\/schema.org\",\"@graph\":[{\"@type\":\"WebPage\",\"@id\":\"https:\/\/www.herold.at\/blog\/haarfarben-trends\/\",\"url\":\"https:\/\/www.herold.at\/blog\/haarfarben-trends\/\",\"name\":\"Haarfarben Trends 2021: Alles ist m\u00f6glich - HEROLD.at\",\"isPartOf\":{\"@id\":\"https:\/\/www.herold.at\/blog\/#website\"},\"datePublished\":\"2021-01-15T09:00:57+00:00\",\"dateModified\":\"2021-03-08T10:15:17+00:00\",\"author\":{\"@id\":\"https:\/\/www.herold.at\/blog\/#\/schema\/person\/f860cc8aff92bc3f38fe7762fc1d6d4c\"},\"description\":\"Welche Schattierungen und Highlights geben heuer bei Damenfrisuren den Ton an? Das sind die Top 7 Haarfarben Trends im Jahr 2021!\",\"breadcrumb\":{\"@id\":\"https:\/\/www.herold.at\/blog\/haarfarben-trends\/#breadcrumb\"},\"inLanguage\":\"de-DE\",\"potentialAction\":[{\"@type\":\"ReadAction\",\"target\":[\"https:\/\/www.herold.at\/blog\/haarfarben-trends\/\"]}]},{\"@type\":\"BreadcrumbList\",\"@id\":\"https:\/\/www.herold.at\/blog\/haarfarben-trends\/#breadcrumb\",\"itemListElement\":[{\"@type\":\"ListItem\",\"position\":1,\"name\":\"Home\",\"item\":\"https:\/\/www.herold.at\/blog\/\"},{\"@type\":\"ListItem\",\"position\":2,\"name\":\"Haarfarben Trends 2021: die gro\u00dfe Freiheit\"}]},{\"@type\":\"WebSite\",\"@id\":\"https:\/\/www.herold.at\/blog\/#website\",\"url\":\"https:\/\/www.herold.at\/blog\/\",\"name\":\"Herold Blog\",\"description\":\"Ratgeber &amp; Blog von herold.at\",\"potentialAction\":[{\"@type\":\"SearchAction\",\"target\":{\"@type\":\"EntryPoint\",\"urlTemplate\":\"https:\/\/www.herold.at\/blog\/?s={search_term_string}\"},\"query-input\":\"required name=search_term_string\"}],\"inLanguage\":\"de-DE\"},{\"@type\":\"Person\",\"@id\":\"https:\/\/www.herold.at\/blog\/#\/schema\/person\/f860cc8aff92bc3f38fe7762fc1d6d4c\",\"name\":\"HEROLD\",\"url\":\"https:\/\/www.herold.at\/blog\/author\/herold\/\"}]}<\/script>\n","yoast_head_json":{"title":"Haarfarben Trends 2021: Alles ist m\u00f6glich - HEROLD.at","description":"Welche Schattierungen und Highlights geben heuer bei Damenfrisuren den Ton an? Das sind die Top 7 Haarfarben Trends im Jahr 2021!","robots":{"index":"index","follow":"follow","max-snippet":"max-snippet:-1","max-image-preview":"max-image-preview:large","max-video-preview":"max-video-preview:-1"},"canonical":"https:\/\/www.herold.at\/blog\/haarfarben-trends\/","og_locale":"de_DE","og_type":"article","og_title":"Haarfarben Trends 2021: Licht ins Dunkel","og_description":"Es geht nicht ums Essen! Beeren, N\u00fcsse, Karamell, Gew\u00fcrze, Lavendel, Rotwein und Bier sind einige der Trendfarben heuer - f\u00fcr dein Haar. Der HEROLD verr\u00e4t dir, wie du mit deiner Frisur zum Trendsetter wirst.","og_url":"https:\/\/www.herold.at\/blog\/haarfarben-trends\/","og_site_name":"Herold Blog","article_publisher":"https:\/\/www.facebook.com\/derherold","article_published_time":"2021-01-15T09:00:57+00:00","article_modified_time":"2021-03-08T10:15:17+00:00","og_image":[{"width":830,"height":553,"url":"https:\/\/www.herold.at\/blog\/wp-content\/uploads\/2019\/01\/Haarfarben-trends-c-hedgehog94.jpg","type":"image\/jpeg"}],"author":"HEROLD","twitter_misc":{"Verfasst von":"HEROLD","Gesch\u00e4tzte Lesezeit":"6 Minuten"},"schema":{"@context":"https:\/\/schema.org","@graph":[{"@type":"WebPage","@id":"https:\/\/www.herold.at\/blog\/haarfarben-trends\/","url":"https:\/\/www.herold.at\/blog\/haarfarben-trends\/","name":"Haarfarben Trends 2021: Alles ist m\u00f6glich - HEROLD.at","isPartOf":{"@id":"https:\/\/www.herold.at\/blog\/#website"},"datePublished":"2021-01-15T09:00:57+00:00","dateModified":"2021-03-08T10:15:17+00:00","author":{"@id":"https:\/\/www.herold.at\/blog\/#\/schema\/person\/f860cc8aff92bc3f38fe7762fc1d6d4c"},"description":"Welche Schattierungen und Highlights geben heuer bei Damenfrisuren den Ton an? Das sind die Top 7 Haarfarben Trends im Jahr 2021!","breadcrumb":{"@id":"https:\/\/www.herold.at\/blog\/haarfarben-trends\/#breadcrumb"},"inLanguage":"de-DE","potentialAction":[{"@type":"ReadAction","target":["https:\/\/www.herold.at\/blog\/haarfarben-trends\/"]}]},{"@type":"BreadcrumbList","@id":"https:\/\/www.herold.at\/blog\/haarfarben-trends\/#breadcrumb","itemListElement":[{"@type":"ListItem","position":1,"name":"Home","item":"https:\/\/www.herold.at\/blog\/"},{"@type":"ListItem","position":2,"name":"Haarfarben Trends 2021: die gro\u00dfe Freiheit"}]},{"@type":"WebSite","@id":"https:\/\/www.herold.at\/blog\/#website","url":"https:\/\/www.herold.at\/blog\/","name":"Herold Blog","description":"Ratgeber &amp; Blog von herold.at","potentialAction":[{"@type":"SearchAction","target":{"@type":"EntryPoint","urlTemplate":"https:\/\/www.herold.at\/blog\/?s={search_term_string}"},"query-input":"required name=search_term_string"}],"inLanguage":"de-DE"},{"@type":"Person","@id":"https:\/\/www.herold.at\/blog\/#\/schema\/person\/f860cc8aff92bc3f38fe7762fc1d6d4c","name":"HEROLD","url":"https:\/\/www.herold.at\/blog\/author\/herold\/"}]}},"fimg_url":"https:\/\/www.herold.at\/blog\/wp-content\/uploads\/2019\/01\/Haarfarben-trends-c-hedgehog94-560x360.jpg","_links":{"self":[{"href":"https:\/\/www.herold.at\/blog\/wp-json\/wp\/v2\/posts\/16223"}],"collection":[{"href":"https:\/\/www.herold.at\/blog\/wp-json\/wp\/v2\/posts"}],"about":[{"href":"https:\/\/www.herold.at\/blog\/wp-json\/wp\/v2\/types\/post"}],"author":[{"embeddable":true,"href":"https:\/\/www.herold.at\/blog\/wp-json\/wp\/v2\/users\/40"}],"replies":[{"embeddable":true,"href":"https:\/\/www.herold.at\/blog\/wp-json\/wp\/v2\/comments?post=16223"}],"version-history":[{"count":88,"href":"https:\/\/www.herold.at\/blog\/wp-json\/wp\/v2\/posts\/16223\/revisions"}],"predecessor-version":[{"id":231194,"href":"https:\/\/www.herold.at\/blog\/wp-json\/wp\/v2\/posts\/16223\/revisions\/231194"}],"wp:featuredmedia":[{"embeddable":true,"href":"https:\/\/www.herold.at\/blog\/wp-json\/wp\/v2\/media\/136641"}],"wp:attachment":[{"href":"https:\/\/www.herold.at\/blog\/wp-json\/wp\/v2\/media?parent=16223"}],"wp:term":[{"taxonomy":"category","embeddable":true,"href":"https:\/\/www.herold.at\/blog\/wp-json\/wp\/v2\/categories?post=16223"},{"taxonomy":"post_tag","embeddable":true,"href":"https:\/\/www.herold.at\/blog\/wp-json\/wp\/v2\/tags?post=16223"}],"curies":[{"name":"wp","href":"https:\/\/api.w.org\/{rel}","templated":true}]}}