{"id":16876,"date":"2019-07-03T09:52:46","date_gmt":"2019-07-03T07:52:46","guid":{"rendered":"https:\/\/www.herold.at\/blog\/?p=16876"},"modified":"2022-06-03T11:32:07","modified_gmt":"2022-06-03T09:32:07","slug":"romantische-cafes-wien","status":"publish","type":"post","link":"https:\/\/www.herold.at\/blog\/romantische-cafes-wien\/","title":{"rendered":"Die 9 romantischsten Caf\u00e9s in Wien"},"content":{"rendered":"<figure id=\"attachment_164530\" aria-describedby=\"caption-attachment-164530\" style=\"width: 830px\" class=\"wp-caption alignnone\"><img decoding=\"async\" loading=\"lazy\" class=\"size-full wp-image-164530\" src=\"https:\/\/www.herold.at\/blog\/wp-content\/uploads\/2018\/01\/Romantische-Cafes-beste-Kaffeeh\u00e4user-Wien-marioav-830px.jpg\" alt=\"Cafe Wien: eine Frau und ein Mann bei einem romantischen Date mit Kaffee und Kuchen\" width=\"830\" height=\"410\" srcset=\"https:\/\/www.herold.at\/blog\/wp-content\/uploads\/2018\/01\/Romantische-Cafes-beste-Kaffeeh\u00e4user-Wien-marioav-830px.jpg 830w, https:\/\/www.herold.at\/blog\/wp-content\/uploads\/2018\/01\/Romantische-Cafes-beste-Kaffeeh\u00e4user-Wien-marioav-830px-300x148.jpg 300w, https:\/\/www.herold.at\/blog\/wp-content\/uploads\/2018\/01\/Romantische-Cafes-beste-Kaffeeh\u00e4user-Wien-marioav-830px-768x379.jpg 768w\" sizes=\"(max-width: 830px) 100vw, 830px\" \/><figcaption id=\"caption-attachment-164530\" class=\"wp-caption-text\">Romantische Caf\u00e9s Wien: Wir k\u00fcren die besten Wiener Caf\u00e9s 2019 f\u00fcr dein n\u00e4chstes Date. Foto: Adobe Stock, marioav<\/figcaption><\/figure>\n<p>Nach\u00a0den besten\u00a0<a href=\"https:\/\/www.herold.at\/blog\/gastro\/romantische-restaurants-in-wien\/\" target=\"_blank\" rel=\"noopener noreferrer\">romantischen Restaurants in Wien<\/a> haben wir uns nun auf die Suche nach den\u00a0s\u00fc\u00dfesten, prachtvollsten und kuscheligsten Kaffeeh\u00e4usern f\u00fcr euer Date in Wien gemacht. Hier findest du die 9 romantischsten Caf\u00e9s in Wien, gereiht nach Postleitzahl!<\/p>\n\n<h2>Top 9: Romantische Caf\u00e9s in Wien<\/h2>\n<h3>1. Das Heinz<\/h3>\n<blockquote class=\"instagram-media\" style=\"background: #FFF; border: 0; border-radius: 3px; box-shadow: 0 0 1px 0 rgba(0,0,0,0.5),0 1px 10px 0 rgba(0,0,0,0.15); margin: 1px; max-width: 830px; padding: 0; width: calc(100% - 2px);\" data-instgrm-permalink=\"https:\/\/www.instagram.com\/p\/BTeMsWhFkP6\/\" data-instgrm-version=\"8\">\n<div style=\"padding: 8px;\">\n<div style=\"background: #F8F8F8; line-height: 0; margin-top: 40px; padding: 37.4537037037037% 0; text-align: center; width: 100%;\"><\/div>\n<p style=\"color: #c9c8cd; font-family: Arial,sans-serif; font-size: 14px; line-height: 17px; margin-bottom: 0; margin-top: 8px; overflow: hidden; padding: 8px 0 7px; text-align: center; text-overflow: ellipsis; white-space: nowrap;\"><a style=\"color: #c9c8cd; font-family: Arial,sans-serif; font-size: 14px; font-style: normal; font-weight: normal; line-height: 17px; text-decoration: none;\" href=\"https:\/\/www.instagram.com\/p\/BTeMsWhFkP6\/\" target=\"_blank\" rel=\"noopener noreferrer\">Ein Beitrag geteilt von Das Heinz. Ein Lokal in Wien (@das_heinz)<\/a> am <time style=\"font-family: Arial,sans-serif; font-size: 14px; line-height: 17px;\" datetime=\"2017-04-29T14:00:52+00:00\">Apr 29, 2017 um 7:00 PDT<\/time><\/p>\n<\/div>\n<\/blockquote>\n<p><script async=\"\" defer=\"\" src=\"\/\/platform.instagram.com\/en_US\/embeds.js\"><\/script><br \/>\nDas Heinz mit der Glasfront in den Rudolfspark ist eine kleine gr\u00fcne Oase im ersten Bezirk. Wei\u00dfes und braunes Holz, gr\u00fcne W\u00e4nde und stimmungsvolle Beleuchtung laden zum Rendezvous\u00a0ein. Auch eine Sofaecke mit B\u00fccherwand tr\u00e4gt zum romantischen Flair bei. Neben dem Caf\u00e9 gibt es auch ein Bistro und eine Bar, wo man sich zu vorangeschrittener Stunde noch ein Fluchtachterl holen kann.<\/p>\n<p>Weitere Infos:\u00a0<a href=\"https:\/\/das-heinz.eatbu.com\/\">Das Heinz, 1010 Wien<\/a><\/p>\n<h3>2. Kleines Caf\u00e9<\/h3>\n<blockquote class=\"instagram-media\" style=\"background: #FFF; border: 0; border-radius: 3px; box-shadow: 0 0 1px 0 rgba(0,0,0,0.5),0 1px 10px 0 rgba(0,0,0,0.15); margin: 1px; max-width: 830px; padding: 0; width: calc(100% - 2px);\" data-instgrm-permalink=\"https:\/\/www.instagram.com\/p\/BVcUM-9lUDh\/\" data-instgrm-version=\"8\">\n<div style=\"padding: 8px;\">\n<div style=\"background: #F8F8F8; line-height: 0; margin-top: 40px; padding: 62.5% 0; text-align: center; width: 100%;\"><\/div>\n<p style=\"color: #c9c8cd; font-family: Arial,sans-serif; font-size: 14px; line-height: 17px; margin-bottom: 0; margin-top: 8px; overflow: hidden; padding: 8px 0 7px; text-align: center; text-overflow: ellipsis; white-space: nowrap;\"><a style=\"color: #c9c8cd; font-family: Arial,sans-serif; font-size: 14px; font-style: normal; font-weight: normal; line-height: 17px; text-decoration: none;\" href=\"https:\/\/www.instagram.com\/p\/BVcUM-9lUDh\/\" target=\"_blank\" rel=\"noopener noreferrer\">Ein Beitrag geteilt von Paula Ordov\u00e1s (@mypeeptoes)<\/a> am <time style=\"font-family: Arial,sans-serif; font-size: 14px; line-height: 17px;\" datetime=\"2017-06-17T13:30:48+00:00\">Jun 17, 2017 um 6:30 PDT<\/time><\/p>\n<\/div>\n<\/blockquote>\n<p><script async=\"\" defer=\"\" src=\"\/\/platform.instagram.com\/en_US\/embeds.js\"><\/script><br \/>\nDunkles Leder, k\u00fcnstlerische Atmosph\u00e4re und ein idyllischer Schanigarten: Das <a href=\"https:\/\/www.herold.at\/gelbe-seiten\/wien\/SPdPS\/kleines-cafe\/\" target=\"_blank\" rel=\"noopener noreferrer\">Kleine Caf\u00e9<\/a> am Franziskanerplatz bietet sich mit seinem ungezwungenen Ambiente perfekt f\u00fcr ein erstes Date an. Abseits der Touristenstr\u00f6me, ruhig und doch zentral gelegen, pr\u00e4sentiert sich Wien hier von seiner authentischen Seite. Wahrscheinlich auch das kleinste WC in Wien!<\/p>\n<p>Weitere Infos:\u00a0<a href=\"https:\/\/www.herold.at\/gelbe-seiten\/wien\/SPdPS\/kleines-cafe\/\" target=\"_blank\" rel=\"noopener noreferrer\">Kleines Caf\u00e9, 1010 Wien<\/a><\/p>\n<h3>3. Palmenhaus<\/h3>\n<blockquote class=\"instagram-media\" style=\"background: #FFF; border: 0; border-radius: 3px; box-shadow: 0 0 1px 0 rgba(0,0,0,0.5),0 1px 10px 0 rgba(0,0,0,0.15); margin: 1px; max-width: 830px; padding: 0; width: calc(100% - 2px);\" data-instgrm-permalink=\"https:\/\/www.instagram.com\/p\/BdpCjy7HYjg\/\" data-instgrm-version=\"8\">\n<div style=\"padding: 8px;\">\n<div style=\"background: #F8F8F8; line-height: 0; margin-top: 40px; padding: 50% 0; text-align: center; width: 100%;\"><\/div>\n<p style=\"color: #c9c8cd; font-family: Arial,sans-serif; font-size: 14px; line-height: 17px; margin-bottom: 0; margin-top: 8px; overflow: hidden; padding: 8px 0 7px; text-align: center; text-overflow: ellipsis; white-space: nowrap;\"><a style=\"color: #c9c8cd; font-family: Arial,sans-serif; font-size: 14px; font-style: normal; font-weight: normal; line-height: 17px; text-decoration: none;\" href=\"https:\/\/www.instagram.com\/p\/BdpCjy7HYjg\/\" target=\"_blank\" rel=\"noopener noreferrer\">Ein von @birkucukgezgin geteilter Beitrag<\/a> am <time style=\"font-family: Arial,sans-serif; font-size: 14px; line-height: 17px;\" datetime=\"2018-01-07T08:17:54+00:00\">Jan 7, 2018 um 12:17 PST<\/time><\/p>\n<\/div>\n<\/blockquote>\n<p><script async=\"\" defer=\"\" src=\"\/\/platform.instagram.com\/en_US\/embeds.js\"><\/script><br \/>\nWie der Name schon sagt, kommt im <a href=\"https:\/\/www.herold.at\/gelbe-seiten\/wien\/G6ks8\/cafe-restaurant-palmenhaus\/\" target=\"_blank\" rel=\"noopener noreferrer\">Palmenhaus<\/a> garantiert ein bisschen Urlaubsstimmung auf: Das helle Lokal mit hohen Glasdecken und Innenbegr\u00fcnung ist das ehemalige Gew\u00e4chshaus des Kaisers. Mit Restaurant, Bar, Lounge und der Terrasse in den Burggarten ist das Palmenhaus mehr als ein Caf\u00e9 und ein vielseitiges Lokal f\u00fcr jede Art von Treffen. Im Sommer lockt auch noch die Brunnenbar mit hervorragenden Cocktails!<\/p>\n<p><strong>4,1 von 5 Sternen, 100 % Weiterempfehlung auf herold.at:<\/strong><\/p>\n<blockquote><p>Sehr sch\u00f6nes Ambiente und gutes Essen! Das Ambiente ist f\u00fcr mich das Highlight des Palmenhauses: Im Burggarten liegt das architektonisch interessante Geb\u00e4ude mit der Terrasse mit ihrem angenehmen Ausblick ins Gr\u00fcne.\u00a0Das Essen schmeckt sehr gut, und die frischen S\u00e4fte sind auch fein!<\/p><\/blockquote>\n<p>Weitere Infos:\u00a0<a href=\"https:\/\/www.herold.at\/gelbe-seiten\/wien\/G6ks8\/cafe-restaurant-palmenhaus\/\" target=\"_blank\" rel=\"noopener noreferrer\">Palmenhaus, 1010 Wien<\/a><\/p>\n<h3>4. Lusthaus<\/h3>\n<blockquote class=\"instagram-media\" style=\"background: #FFF; border: 0; border-radius: 3px; box-shadow: 0 0 1px 0 rgba(0,0,0,0.5),0 1px 10px 0 rgba(0,0,0,0.15); margin: 1px; max-width: 830px; padding: 0; width: calc(100% - 2px);\" data-instgrm-permalink=\"https:\/\/www.instagram.com\/p\/Bbopa51A9nF\/\" data-instgrm-version=\"8\">\n<div style=\"padding: 8px;\">\n<div style=\"background: #F8F8F8; line-height: 0; margin-top: 40px; padding: 37.4537037037037% 0; text-align: center; width: 100%;\"><\/div>\n<p style=\"color: #c9c8cd; font-family: Arial,sans-serif; font-size: 14px; line-height: 17px; margin-bottom: 0; margin-top: 8px; overflow: hidden; padding: 8px 0 7px; text-align: center; text-overflow: ellipsis; white-space: nowrap;\"><a style=\"color: #c9c8cd; font-family: Arial,sans-serif; font-size: 14px; font-style: normal; font-weight: normal; line-height: 17px; text-decoration: none;\" href=\"https:\/\/www.instagram.com\/p\/Bbopa51A9nF\/\" target=\"_blank\" rel=\"noopener noreferrer\">Ein Beitrag geteilt von Nik Graf (@nikgraf)<\/a> am <time style=\"font-family: Arial,sans-serif; font-size: 14px; line-height: 17px;\" datetime=\"2017-11-18T11:35:27+00:00\">Nov 18, 2017 um 3:35 PST<\/time><\/p>\n<\/div>\n<\/blockquote>\n<p><script async=\"\" defer=\"\" src=\"\/\/platform.instagram.com\/en_US\/embeds.js\"><\/script><br \/>\nPrunkvoll pr\u00e4sentiert sich das Caf\u00e9-Restaurant <a href=\"https:\/\/www.herold.at\/gelbe-seiten\/wien\/Qqhtn\/lusthaus\/\" target=\"_blank\" rel=\"noopener noreferrer\">Lusthaus<\/a> im Wiener Prater: Luster an der Decke, Stuck an den W\u00e4nden und wei\u00dfe Decken auf den Tischen erinnern an kaiserliche Zeiten. Auf der Terrasse genie\u00dft man die warmen Sonnenstrahlen und den Blick ins Gr\u00fcne, und in die\u00a0&#8220;Laterne&#8221; am Dach passt nur ein einziger Tisch &#8211; perfekt f\u00fcr Frischverliebte!<\/p>\n<p><strong>4,4 von 5 Sternen auf herold.at:<\/strong><\/p>\n<blockquote><p>eigentlich kann man hier nur sagen, dass immer alles top ist &#8211; personal, essen, getr\u00e4nke, ambiente&#8230; ist immer wieder nett hier zu sitzen und einfach nur zu schauen \ud83d\ude09<\/p><\/blockquote>\n<p>Weitere Infos:\u00a0<a href=\"https:\/\/www.herold.at\/gelbe-seiten\/wien\/Qqhtn\/lusthaus\/\" target=\"_blank\" rel=\"noopener noreferrer\">Lusthaus, 1020 Wien<\/a><\/p>\n<h3>5. Jelinek<\/h3>\n<blockquote class=\"instagram-media\" style=\"background: #FFF; border: 0; border-radius: 3px; box-shadow: 0 0 1px 0 rgba(0,0,0,0.5),0 1px 10px 0 rgba(0,0,0,0.15); margin: 1px; max-width: 830px; padding: 0; width: calc(100% - 2px);\" data-instgrm-permalink=\"https:\/\/www.instagram.com\/p\/Bcim-hZAN2A\/\" data-instgrm-version=\"8\">\n<div style=\"padding: 8px;\">\n<div style=\"background: #F8F8F8; line-height: 0; margin-top: 40px; padding: 62.5% 0; text-align: center; width: 100%;\"><\/div>\n<p style=\"color: #c9c8cd; font-family: Arial,sans-serif; font-size: 14px; line-height: 17px; margin-bottom: 0; margin-top: 8px; overflow: hidden; padding: 8px 0 7px; text-align: center; text-overflow: ellipsis; white-space: nowrap;\"><a style=\"color: #c9c8cd; font-family: Arial,sans-serif; font-size: 14px; font-style: normal; font-weight: normal; line-height: 17px; text-decoration: none;\" href=\"https:\/\/www.instagram.com\/p\/Bcim-hZAN2A\/\" target=\"_blank\" rel=\"noopener noreferrer\">Ein Beitrag geteilt von Coffee Shops of the World (@coffeeshopsoftheworld)<\/a> am <time style=\"font-family: Arial,sans-serif; font-size: 14px; line-height: 17px;\" datetime=\"2017-12-10T23:50:03+00:00\">Dez 10, 2017 um 3:50 PST<\/time><\/p>\n<\/div>\n<\/blockquote>\n<p><script async=\"\" defer=\"\" src=\"\/\/platform.instagram.com\/en_US\/embeds.js\"><\/script><br \/>\nDas <a href=\"https:\/\/www.herold.at\/gelbe-seiten\/wien\/92Hjp\/cafe-jelinek\/\" target=\"_blank\" rel=\"noopener noreferrer\">Caf\u00e9 Jelinek<\/a> verspr\u00fcht den Charme l\u00e4ngst vergangener Zeiten: Bei einem gem\u00fctlichen Kaffee fl\u00e4zt man sich hier in die alten Polsterm\u00f6bel und liest, von vergilbten W\u00e4nden und interessanten Pers\u00f6nlichkeiten umgeben, seine Zeitung. Ein kleiner Schanigarten und die entschleunigte Atmosph\u00e4re &#8211; obwohl in einer Seitenstra\u00dfe der Mariahilfer Stra\u00dfe gelegen &#8211; machen das Wiener Traditions-Kaffeehaus zum besten Ort f\u00fcr ein unkonventionelles Date.<\/p>\n<p><strong>4,5 von 5 Sternen, 100 % Weiterempfehlung auf herold.at:<\/strong><\/p>\n<blockquote><p>Hier trifft sich, wer in Wien alternativ ist und ein zweites Wohnzimmer ben\u00f6tigt. K\u00fcnstlerisch-philosophisches Ambiente, Lage unweit der Mariahilferstrasse. Jederzeit wieder!<\/p><\/blockquote>\n<p>Weitere Infos:\u00a0<a href=\"https:\/\/www.herold.at\/gelbe-seiten\/wien\/92Hjp\/cafe-jelinek\/\" target=\"_blank\" rel=\"noopener noreferrer\">Caf\u00e9 Jelinek, 1060 Wien<\/a><\/p>\n<h3>6. Cr\u00e8me de la Cr\u00e8me<\/h3>\n<blockquote class=\"instagram-media\" style=\"background: #FFF; border: 0; border-radius: 3px; box-shadow: 0 0 1px 0 rgba(0,0,0,0.5),0 1px 10px 0 rgba(0,0,0,0.15); margin: 1px; max-width: 830px; padding: 0; width: calc(100% - 2px);\" data-instgrm-permalink=\"https:\/\/www.instagram.com\/p\/BaBqQa3DO2G\/\" data-instgrm-version=\"8\">\n<div style=\"padding: 8px;\">\n<div style=\"background: #F8F8F8; line-height: 0; margin-top: 40px; padding: 62.5% 0; text-align: center; width: 100%;\"><\/div>\n<p style=\"color: #c9c8cd; font-family: Arial,sans-serif; font-size: 14px; line-height: 17px; margin-bottom: 0; margin-top: 8px; overflow: hidden; padding: 8px 0 7px; text-align: center; text-overflow: ellipsis; white-space: nowrap;\"><a style=\"color: #c9c8cd; font-family: Arial,sans-serif; font-size: 14px; font-style: normal; font-weight: normal; line-height: 17px; text-decoration: none;\" href=\"https:\/\/www.instagram.com\/p\/BaBqQa3DO2G\/\" target=\"_blank\" rel=\"noopener noreferrer\">Ein Beitrag geteilt von Cr\u00e8me de la Cr\u00e8me (@cremedelacremevienna)<\/a> am <time style=\"font-family: Arial,sans-serif; font-size: 14px; line-height: 17px;\" datetime=\"2017-10-09T11:40:59+00:00\">Okt 9, 2017 um 4:40 PDT<\/time><\/p>\n<\/div>\n<\/blockquote>\n<p><script async=\"\" defer=\"\" src=\"\/\/platform.instagram.com\/en_US\/embeds.js\"><\/script><\/p>\n<p>Diese kleine familiengef\u00fchrte Patisserie in der Lange Gasse bezaubert mit ihrem verspielten Interieur, viel Liebe zum Detail, franz\u00f6sischen S\u00fc\u00dfigkeiten und hervorragendem Fr\u00fchst\u00fcck aus regionalen Zutaten. Besonders hervorzuheben ist au\u00dferdem der Service: Hier f\u00fchlt sich jeder Gast wirklich willkommen und umsorgt. F\u00fcr ein Date in trauter Zweisamkeit ist es etwas eng und lebhaft, aber ihr werdet euch wie ein Teil der Familie f\u00fchlen.<\/p>\n<p>Weitere Infos:\u00a0<a href=\"https:\/\/www.herold.at\/gelbe-seiten\/wien\/rN6zj\/cr%C3%A9me-de-la-cr%C3%A9me\/\" target=\"_blank\" rel=\"noopener noreferrer\">Cr\u00e8me de la Cr\u00e8me, 1080 Wien<\/a><\/p>\n<h3>7. Manameierei<\/h3>\n<blockquote class=\"instagram-media\" style=\"background: #FFF; border: 0; border-radius: 3px; box-shadow: 0 0 1px 0 rgba(0,0,0,0.5),0 1px 10px 0 rgba(0,0,0,0.15); margin: 1px; max-width: 830px; padding: 0; width: calc(100% - 2px);\" data-instgrm-permalink=\"https:\/\/www.instagram.com\/p\/2gUSW7pxXC\/\" data-instgrm-version=\"8\">\n<div style=\"padding: 8px;\">\n<div style=\"background: #F8F8F8; line-height: 0; margin-top: 40px; padding: 50% 0; text-align: center; width: 100%;\"><\/div>\n<p style=\"color: #c9c8cd; font-family: Arial,sans-serif; font-size: 14px; line-height: 17px; margin-bottom: 0; margin-top: 8px; overflow: hidden; padding: 8px 0 7px; text-align: center; text-overflow: ellipsis; white-space: nowrap;\"><a style=\"color: #c9c8cd; font-family: Arial,sans-serif; font-size: 14px; font-style: normal; font-weight: normal; line-height: 17px; text-decoration: none;\" href=\"https:\/\/www.instagram.com\/p\/2gUSW7pxXC\/\" target=\"_blank\" rel=\"noopener noreferrer\">Ein Beitrag geteilt von Irina (@irinahp)<\/a> am <time style=\"font-family: Arial,sans-serif; font-size: 14px; line-height: 17px;\" datetime=\"2015-05-10T14:35:16+00:00\">Mai 10, 2015 um 7:35 PDT<\/time><\/p>\n<\/div>\n<\/blockquote>\n<p><script async=\"\" defer=\"\" src=\"\/\/platform.instagram.com\/en_US\/embeds.js\"><\/script><br \/>\nIn Hernals, zwischen Schwarzenbergpark und Wienerwald, findet sich die <a href=\"https:\/\/www.herold.at\/gelbe-seiten\/wien\/gcnBW\/manameierei\/\" target=\"_blank\" rel=\"noopener noreferrer\">Manameierei<\/a> als perfekter Ausgangspunkt f\u00fcr einen Spaziergang im Gr\u00fcnen. Hell, freundlich und modern eingerichtet, kannst du hier mit deinem Date selbst gebackenes Brot und ein tolles Fr\u00fchst\u00fcck aus regionalen Zutaten genie\u00dfen. Die Manameierei packt dir auch gerne einen Picknickkorb f\u00fcr ein\u00a0T\u00eate-\u00e0-T\u00eate im Park!<\/p>\n<p><strong>4,3 von 5 Sternen, 100 % Weiterempfehlung auf herold.at:<\/strong><\/p>\n<blockquote><p>Die Einrichtung ist sehr liebevoll ausgew\u00e4hlt, das Essen ist sehr gut, nur man sitzt leider auf einem Parkplatz. Wenn man danach in der Gegend spazieren geht, ist es wohl verschmerzbar.<\/p><\/blockquote>\n<p>Weitere Infos:\u00a0<a href=\"https:\/\/www.herold.at\/gelbe-seiten\/wien\/gcnBW\/manameierei\/\" target=\"_blank\" rel=\"noopener noreferrer\">Manameierei, 1170 Wien<\/a><\/p>\n<h3>8. Himmelblau<\/h3>\n<blockquote class=\"instagram-media\" style=\"background: #FFF; border: 0; border-radius: 3px; box-shadow: 0 0 1px 0 rgba(0,0,0,0.5),0 1px 10px 0 rgba(0,0,0,0.15); margin: 1px; max-width: 830px; padding: 0; width: calc(100% - 2px);\" data-instgrm-permalink=\"https:\/\/www.instagram.com\/p\/BY5BS-uljpz\/\" data-instgrm-version=\"8\">\n<div style=\"padding: 8px;\">\n<div style=\"background: #F8F8F8; line-height: 0; margin-top: 40px; padding: 62.5% 0; text-align: center; width: 100%;\"><\/div>\n<p style=\"color: #c9c8cd; font-family: Arial,sans-serif; font-size: 14px; line-height: 17px; margin-bottom: 0; margin-top: 8px; overflow: hidden; padding: 8px 0 7px; text-align: center; text-overflow: ellipsis; white-space: nowrap;\"><a style=\"color: #c9c8cd; font-family: Arial,sans-serif; font-size: 14px; font-style: normal; font-weight: normal; line-height: 17px; text-decoration: none;\" href=\"https:\/\/www.instagram.com\/p\/BY5BS-uljpz\/\" target=\"_blank\" rel=\"noopener noreferrer\">Ein Beitrag geteilt von Sofia (@sofilinaa)<\/a> am <time style=\"font-family: Arial,sans-serif; font-size: 14px; line-height: 17px;\" datetime=\"2017-09-11T06:37:45+00:00\">Sep 10, 2017 um 11:37 PDT<\/time><\/p>\n<\/div>\n<\/blockquote>\n<p><script async=\"\" defer=\"\" src=\"\/\/platform.instagram.com\/en_US\/embeds.js\"><\/script><\/p>\n<p>Mitten am Kutschkermarkt findest du das verspielte <a href=\"https:\/\/www.herold.at\/gelbe-seiten\/wien\/ZW1Pb\/himmelblau\/\" target=\"_blank\" rel=\"noopener noreferrer\">Caf\u00e9 Himmelblau<\/a>. Hier bekommst du feine Speisen mit Bioprodukten direkt vom Markt, hausgemachte Kuchen und Tartes, gutes Fr\u00fchst\u00fcck und herzhafte Snacks. Das herzige Interieur im Vintage-Stil wurde liebevoll ausgesucht, nat\u00fcrlich in Himmelblau und anderen Pastellfarben. Im Sommer lockt der gro\u00dfe Schanigarten, das Markttreiben zu beobachten!<\/p>\n<p>Weitere Infos:\u00a0<a href=\"https:\/\/www.herold.at\/gelbe-seiten\/wien\/ZW1Pb\/himmelblau\/\" target=\"_blank\" rel=\"noopener noreferrer\">Himmelblau, 1180 Wien<\/a><\/p>\n<h3>9. Salettl Pavillon<\/h3>\n<blockquote class=\"instagram-media\" style=\"background: #FFF; border: 0; border-radius: 3px; box-shadow: 0 0 1px 0 rgba(0,0,0,0.5),0 1px 10px 0 rgba(0,0,0,0.15); margin: 1px; max-width: 830px; padding: 0; width: calc(100% - 2px);\" data-instgrm-permalink=\"https:\/\/www.instagram.com\/p\/3_EpTHSyX2\/\" data-instgrm-version=\"8\">\n<div style=\"padding: 8px;\">\n<div style=\"background: #F8F8F8; line-height: 0; margin-top: 40px; padding: 50.0% 0; text-align: center; width: 100%;\"><\/div>\n<p style=\"color: #c9c8cd; font-family: Arial,sans-serif; font-size: 14px; line-height: 17px; margin-bottom: 0; margin-top: 8px; overflow: hidden; padding: 8px 0 7px; text-align: center; text-overflow: ellipsis; white-space: nowrap;\"><a style=\"color: #c9c8cd; font-family: Arial,sans-serif; font-size: 14px; font-style: normal; font-weight: normal; line-height: 17px; text-decoration: none;\" href=\"https:\/\/www.instagram.com\/p\/3_EpTHSyX2\/\" target=\"_blank\" rel=\"noopener noreferrer\">Ein Beitrag geteilt von M I M A&#x1f47c;&#x1f3fb; (@miimma_mima)<\/a> am <time style=\"font-family: Arial,sans-serif; font-size: 14px; line-height: 17px;\" datetime=\"2015-06-16T09:46:26+00:00\">Jun 16, 2015 um 2:46 PDT<\/time><\/p>\n<\/div>\n<\/blockquote>\n<p><script async=\"\" defer=\"\" src=\"\/\/www.instagram.com\/embed.js\"><\/script><br \/>\nDas Beste am <a href=\"https:\/\/www.herold.at\/gelbe-seiten\/wien\/SJZxW\/salettl-pavillon\/\" target=\"_blank\" rel=\"noopener noreferrer\">Salettl<\/a> in Wien D\u00f6bling ist sein naturbelassener, parkartiger Garten. Auf einfachen Heurigenm\u00f6beln aus Holz sitzt du hier\u00a0an warmen Sommerabenden unter einer Laube. Mit dem tollen Blick auf den Kahlenberg\u00a0und einem Spritzer in der Hand vergessen du und dein Date den Gro\u00dfstadt-Stress sofort.\u00a0Der kleine, urig-verschrobene Innenbereich im Pavillon lockt im Winter mit Kerzenschein und kuscheligem Ambiente.<\/p>\n<p><strong>5 von 5 Sternen auf herold.at:<\/strong><\/p>\n<blockquote><p>das salettl ist KULT! ein must-have-seen mit sensationellem ausblick und tollem, einzigartigem ambiente. klein und fein, ist es doch schwer immer ein platz zu finden (vor allem im winter); umso gem\u00fctlicher ist es dann bei der famili\u00e4r-freundlichen bedienung ein achterl oder eine der hausmannskost-spezialit\u00e4ten zu genie\u00dfen. nicht verpassen sollte man das ber\u00fchmte gef\u00fcllte kipferl!<\/p><\/blockquote>\n<p>Weitere Infos:\u00a0<a href=\"https:\/\/www.herold.at\/gelbe-seiten\/wien\/SJZxW\/salettl-pavillon\/\" target=\"_blank\" rel=\"noopener noreferrer\">Salettl Pavillon, 1190 Wien<\/a><\/p>\n<h3>Weitere Caf\u00e9s f\u00fcr dein n\u00e4chstes Date<\/h3>\n<p>Romantik bei Kaffee und Kuchen kommt nat\u00fcrlich auch fernab von Wien auf. Sch\u00f6ne Kaffeeh\u00e4user und Restaurants in deiner N\u00e4her findest du hier:<\/p>\n<div class=\"herold_bl\"><div class=\"herold_bl_col\"><div class=\"herold_bl_col_inner\"><div class=\"herold_bl_text\"><p>\u2192 <a href=\"https:\/\/www.herold.at\/gelbe-seiten\/wien\/kaffeehaus\/\" target=\"_blank\">Wien<\/a><\/p><\/div><div class=\"herold_bl_last\"><\/div><div class=\"tobelastincol\"><\/div><div class=\"herold_bl_text\"><p>\u2192 <a href=\"https:\/\/www.herold.at\/gelbe-seiten\/burgenland\/kaffeehaus\/\" target=\"_blank\">Burgenland<\/a><\/p><\/div><div class=\"herold_bl_last\"><\/div><div class=\"tobelastincol\"><\/div><div class=\"herold_bl_text\"><p>\u2192 <a href=\"https:\/\/www.herold.at\/gelbe-seiten\/salzburg\/kaffeehaus\/\" target=\"_blank\">Salzburg<\/a><\/p><\/div><div class=\"herold_bl_last\"><\/div><div class=\"tobelastincol\"><\/div><\/div><\/div><div class=\"herold_bl_col\"><div class=\"herold_bl_col_inner\"><div class=\"herold_bl_text\"><p>\u2192 <a href=\"https:\/\/www.herold.at\/gelbe-seiten\/nieder\u00f6sterreich\/kaffeehaus\/\" target=\"_blank\">Nieder\u00f6sterreich<\/a><\/p><\/div><div class=\"herold_bl_last\"><\/div><div class=\"tobelastincol\"><\/div><div class=\"herold_bl_text\"><p>\u2192 <a href=\"https:\/\/www.herold.at\/gelbe-seiten\/steiermark\/kaffeehaus\/\" target=\"_blank\">Steiermark<\/a><\/p><\/div><div class=\"herold_bl_last\"><\/div><div class=\"tobelastincol\"><\/div><div class=\"herold_bl_text\"><p>\u2192 <a href=\"https:\/\/www.herold.at\/gelbe-seiten\/tirol\/kaffeehaus\/\" target=\"_blank\">Tirol<\/a><\/p><\/div><div class=\"herold_bl_last\"><\/div><div class=\"tobelastincol\"><\/div><\/div><\/div><div class=\"herold_bl_col\"><div class=\"herold_bl_col_inner\"><div class=\"herold_bl_text\"><p>\u2192 <a href=\"https:\/\/www.herold.at\/gelbe-seiten\/ober\u00f6sterreich\/kaffeehaus\/\" target=\"_blank\">Ober\u00f6sterreich<\/a><\/p><\/div><div class=\"herold_bl_last\"><\/div><div class=\"tobelastincol\"><\/div><div class=\"herold_bl_text\"><p>\u2192 <a href=\"https:\/\/www.herold.at\/gelbe-seiten\/k\u00e4rnten\/kaffeehaus\/\" target=\"_blank\">K\u00e4rnten<\/a><\/p><\/div><div class=\"herold_bl_last\"><\/div><div class=\"tobelastincol\"><\/div><div class=\"herold_bl_text\"><p>\u2192 <a href=\"https:\/\/www.herold.at\/gelbe-seiten\/vorarlberg\/kaffeehaus\/\" target=\"_blank\">Vorarlberg<\/a><\/p><\/div><div class=\"herold_bl_last\"><\/div><div class=\"tobelastincol\"><\/div><\/div><\/div><\/div>\n","protected":false},"excerpt":{"rendered":"<p>Nach\u00a0den besten\u00a0romantischen Restaurants in Wien haben wir uns nun auf die Suche nach den\u00a0s\u00fc\u00dfesten, prachtvollsten und kuscheligsten Kaffeeh\u00e4usern f\u00fcr euer Date in Wien gemacht. Hier findest du die 9 romantischsten Caf\u00e9s in Wien, gereiht nach Postleitzahl! Top 9: Romantische Caf\u00e9s in Wien 1. Das Heinz Ein Beitrag geteilt von Das Heinz. Ein Lokal in Wien (@das_heinz) am Apr 29, 2017 um 7:00 PDT Das Heinz mit der Glasfront in den Rudolfspark ist eine kleine gr\u00fcne Oase im ersten Bezirk. Wei\u00dfes und braunes Holz, gr\u00fcne W\u00e4nde und stimmungsvolle Beleuchtung laden zum Rendezvous\u00a0ein. Auch eine Sofaecke mit B\u00fccherwand tr\u00e4gt zum romantischen Flair bei. Neben dem Caf\u00e9 gibt es auch ein Bistro und eine Bar, wo man sich zu vorangeschrittener Stunde noch ein Fluchtachterl holen kann. Weitere Infos:\u00a0Das Heinz, 1010 Wien 2. Kleines Caf\u00e9 Ein Beitrag geteilt von Paula Ordov\u00e1s (@mypeeptoes) am Jun 17, 2017 um 6:30 PDT Dunkles Leder, k\u00fcnstlerische Atmosph\u00e4re und ein idyllischer Schanigarten: Das Kleine Caf\u00e9 am Franziskanerplatz bietet sich mit seinem ungezwungenen Ambiente perfekt f\u00fcr ein erstes Date an. Abseits der Touristenstr\u00f6me, ruhig und doch zentral gelegen, pr\u00e4sentiert sich Wien hier von seiner authentischen Seite. Wahrscheinlich auch das kleinste WC in Wien! Weitere Infos:\u00a0Kleines Caf\u00e9, 1010 Wien 3. Palmenhaus Ein von @birkucukgezgin geteilter Beitrag am Jan 7, 2018 um 12:17 PST Wie der Name schon sagt, kommt im Palmenhaus garantiert ein bisschen Urlaubsstimmung auf: Das helle Lokal mit hohen Glasdecken und Innenbegr\u00fcnung ist das ehemalige Gew\u00e4chshaus des Kaisers. Mit Restaurant, Bar, Lounge und der Terrasse in den Burggarten ist das Palmenhaus mehr als ein Caf\u00e9 und ein vielseitiges Lokal f\u00fcr jede Art von Treffen. Im Sommer lockt auch noch die Brunnenbar mit hervorragenden Cocktails! 4,1 von 5 Sternen, 100 % Weiterempfehlung auf herold.at: Sehr sch\u00f6nes Ambiente und gutes Essen! Das Ambiente ist f\u00fcr mich das Highlight des Palmenhauses: Im Burggarten liegt das architektonisch interessante Geb\u00e4ude mit der Terrasse mit ihrem angenehmen Ausblick ins Gr\u00fcne.\u00a0Das Essen schmeckt sehr gut, und die frischen S\u00e4fte sind auch fein! Weitere Infos:\u00a0Palmenhaus, 1010 Wien 4. Lusthaus Ein Beitrag geteilt von Nik Graf (@nikgraf) am Nov 18, 2017 um 3:35 PST Prunkvoll pr\u00e4sentiert sich das Caf\u00e9-Restaurant Lusthaus im Wiener Prater: Luster an der Decke, Stuck an den W\u00e4nden und wei\u00dfe Decken auf den Tischen erinnern an kaiserliche Zeiten. Auf der Terrasse genie\u00dft man die warmen Sonnenstrahlen und den Blick ins Gr\u00fcne, und in die\u00a0&#8220;Laterne&#8221; am Dach passt nur ein einziger Tisch &#8211; perfekt f\u00fcr Frischverliebte! 4,4 von 5 Sternen auf herold.at: eigentlich kann man hier nur sagen, dass immer alles top ist &#8211; personal, essen, getr\u00e4nke, ambiente&#8230; ist immer wieder nett hier zu sitzen und einfach nur zu schauen \ud83d\ude09 Weitere Infos:\u00a0Lusthaus, 1020 Wien 5. Jelinek Ein Beitrag geteilt von Coffee Shops of the World (@coffeeshopsoftheworld) am Dez 10, 2017 um 3:50 PST Das Caf\u00e9 Jelinek verspr\u00fcht den Charme l\u00e4ngst vergangener Zeiten: Bei einem gem\u00fctlichen Kaffee fl\u00e4zt man sich hier in die alten Polsterm\u00f6bel und liest, von vergilbten W\u00e4nden und interessanten Pers\u00f6nlichkeiten umgeben, seine Zeitung. Ein kleiner Schanigarten und die entschleunigte Atmosph\u00e4re &#8211; obwohl in [&hellip;]<\/p>\n","protected":false},"author":186,"featured_media":164536,"comment_status":"open","ping_status":"closed","sticky":false,"template":"","format":"standard","meta":{"inline_featured_image":false,"footnotes":""},"categories":[24],"tags":[],"acf":[],"yoast_head":"\n<title>Romantische Caf\u00e9s Wien | Die Top 9 f\u00fcr dein n\u00e4chstes Date - Herold<\/title>\n<meta name=\"description\" content=\"\u2764 Auf der Suche nach einem ruhigen und gem\u00fctlichem Lokal f\u00fcr dein n\u00e4chstes Date? Wir verraten 9 besonders romantische Caf\u00e9s in Wien. \u2764\" \/>\n<meta name=\"robots\" content=\"index, follow, max-snippet:-1, max-image-preview:large, max-video-preview:-1\" \/>\n<link rel=\"canonical\" href=\"https:\/\/www.herold.at\/blog\/romantische-cafes-wien\/\" \/>\n<meta property=\"og:locale\" content=\"de_DE\" \/>\n<meta property=\"og:type\" content=\"article\" \/>\n<meta property=\"og:title\" content=\"Romantische Caf\u00e9s Wien | Die Top 9 f\u00fcr dein n\u00e4chstes Date - Herold\" \/>\n<meta property=\"og:description\" content=\"\u2764 Auf der Suche nach einem ruhigen und gem\u00fctlichem Lokal f\u00fcr dein n\u00e4chstes Date? Wir verraten 9 besonders romantische Caf\u00e9s in Wien. \u2764\" \/>\n<meta property=\"og:url\" content=\"https:\/\/www.herold.at\/blog\/romantische-cafes-wien\/\" \/>\n<meta property=\"og:site_name\" content=\"Herold Blog\" \/>\n<meta property=\"article:publisher\" content=\"https:\/\/www.facebook.com\/derherold\" \/>\n<meta property=\"article:published_time\" content=\"2019-07-03T07:52:46+00:00\" \/>\n<meta property=\"article:modified_time\" content=\"2022-06-03T09:32:07+00:00\" \/>\n<meta property=\"og:image\" content=\"https:\/\/www.herold.at\/blog\/wp-content\/uploads\/2018\/01\/Romantische-Cafes-beste-Kaffeehaeuser-Wien-marioav-830px-Beitragsbild.jpg\" \/>\n\t<meta property=\"og:image:width\" content=\"830\" \/>\n\t<meta property=\"og:image:height\" content=\"553\" \/>\n\t<meta property=\"og:image:type\" content=\"image\/jpeg\" \/>\n<meta name=\"author\" content=\"Lilli Koisser\" \/>\n<meta name=\"twitter:label1\" content=\"Verfasst von\" \/>\n\t<meta name=\"twitter:data1\" content=\"Lilli Koisser\" \/>\n\t<meta name=\"twitter:label2\" content=\"Gesch\u00e4tzte Lesezeit\" \/>\n\t<meta name=\"twitter:data2\" content=\"5 Minuten\" \/>\n<script type=\"application\/ld+json\" class=\"yoast-schema-graph\">{\"@context\":\"https:\/\/schema.org\",\"@graph\":[{\"@type\":\"WebPage\",\"@id\":\"https:\/\/www.herold.at\/blog\/romantische-cafes-wien\/\",\"url\":\"https:\/\/www.herold.at\/blog\/romantische-cafes-wien\/\",\"name\":\"Romantische Caf\u00e9s Wien | Die Top 9 f\u00fcr dein n\u00e4chstes Date - Herold\",\"isPartOf\":{\"@id\":\"https:\/\/www.herold.at\/blog\/#website\"},\"datePublished\":\"2019-07-03T07:52:46+00:00\",\"dateModified\":\"2022-06-03T09:32:07+00:00\",\"author\":{\"@id\":\"https:\/\/www.herold.at\/blog\/#\/schema\/person\/f6c20deadc760cca61c5bab452524fef\"},\"description\":\"\u2764 Auf der Suche nach einem ruhigen und gem\u00fctlichem Lokal f\u00fcr dein n\u00e4chstes Date? Wir verraten 9 besonders romantische Caf\u00e9s in Wien. \u2764\",\"breadcrumb\":{\"@id\":\"https:\/\/www.herold.at\/blog\/romantische-cafes-wien\/#breadcrumb\"},\"inLanguage\":\"de-DE\",\"potentialAction\":[{\"@type\":\"ReadAction\",\"target\":[\"https:\/\/www.herold.at\/blog\/romantische-cafes-wien\/\"]}]},{\"@type\":\"BreadcrumbList\",\"@id\":\"https:\/\/www.herold.at\/blog\/romantische-cafes-wien\/#breadcrumb\",\"itemListElement\":[{\"@type\":\"ListItem\",\"position\":1,\"name\":\"Home\",\"item\":\"https:\/\/www.herold.at\/blog\/\"},{\"@type\":\"ListItem\",\"position\":2,\"name\":\"Die 9 romantischsten Caf\u00e9s in Wien\"}]},{\"@type\":\"WebSite\",\"@id\":\"https:\/\/www.herold.at\/blog\/#website\",\"url\":\"https:\/\/www.herold.at\/blog\/\",\"name\":\"Herold Blog\",\"description\":\"Ratgeber &amp; Blog von herold.at\",\"potentialAction\":[{\"@type\":\"SearchAction\",\"target\":{\"@type\":\"EntryPoint\",\"urlTemplate\":\"https:\/\/www.herold.at\/blog\/?s={search_term_string}\"},\"query-input\":\"required name=search_term_string\"}],\"inLanguage\":\"de-DE\"},{\"@type\":\"Person\",\"@id\":\"https:\/\/www.herold.at\/blog\/#\/schema\/person\/f6c20deadc760cca61c5bab452524fef\",\"name\":\"Lilli Koisser\",\"url\":\"https:\/\/www.herold.at\/blog\/author\/lilli-koisser\/\"}]}<\/script>\n","yoast_head_json":{"title":"Romantische Caf\u00e9s Wien | Die Top 9 f\u00fcr dein n\u00e4chstes Date - Herold","description":"\u2764 Auf der Suche nach einem ruhigen und gem\u00fctlichem Lokal f\u00fcr dein n\u00e4chstes Date? Wir verraten 9 besonders romantische Caf\u00e9s in Wien. \u2764","robots":{"index":"index","follow":"follow","max-snippet":"max-snippet:-1","max-image-preview":"max-image-preview:large","max-video-preview":"max-video-preview:-1"},"canonical":"https:\/\/www.herold.at\/blog\/romantische-cafes-wien\/","og_locale":"de_DE","og_type":"article","og_title":"Romantische Caf\u00e9s Wien | Die Top 9 f\u00fcr dein n\u00e4chstes Date - Herold","og_description":"\u2764 Auf der Suche nach einem ruhigen und gem\u00fctlichem Lokal f\u00fcr dein n\u00e4chstes Date? Wir verraten 9 besonders romantische Caf\u00e9s in Wien. \u2764","og_url":"https:\/\/www.herold.at\/blog\/romantische-cafes-wien\/","og_site_name":"Herold Blog","article_publisher":"https:\/\/www.facebook.com\/derherold","article_published_time":"2019-07-03T07:52:46+00:00","article_modified_time":"2022-06-03T09:32:07+00:00","og_image":[{"width":830,"height":553,"url":"https:\/\/www.herold.at\/blog\/wp-content\/uploads\/2018\/01\/Romantische-Cafes-beste-Kaffeehaeuser-Wien-marioav-830px-Beitragsbild.jpg","type":"image\/jpeg"}],"author":"Lilli Koisser","twitter_misc":{"Verfasst von":"Lilli Koisser","Gesch\u00e4tzte Lesezeit":"5 Minuten"},"schema":{"@context":"https:\/\/schema.org","@graph":[{"@type":"WebPage","@id":"https:\/\/www.herold.at\/blog\/romantische-cafes-wien\/","url":"https:\/\/www.herold.at\/blog\/romantische-cafes-wien\/","name":"Romantische Caf\u00e9s Wien | Die Top 9 f\u00fcr dein n\u00e4chstes Date - Herold","isPartOf":{"@id":"https:\/\/www.herold.at\/blog\/#website"},"datePublished":"2019-07-03T07:52:46+00:00","dateModified":"2022-06-03T09:32:07+00:00","author":{"@id":"https:\/\/www.herold.at\/blog\/#\/schema\/person\/f6c20deadc760cca61c5bab452524fef"},"description":"\u2764 Auf der Suche nach einem ruhigen und gem\u00fctlichem Lokal f\u00fcr dein n\u00e4chstes Date? Wir verraten 9 besonders romantische Caf\u00e9s in Wien. \u2764","breadcrumb":{"@id":"https:\/\/www.herold.at\/blog\/romantische-cafes-wien\/#breadcrumb"},"inLanguage":"de-DE","potentialAction":[{"@type":"ReadAction","target":["https:\/\/www.herold.at\/blog\/romantische-cafes-wien\/"]}]},{"@type":"BreadcrumbList","@id":"https:\/\/www.herold.at\/blog\/romantische-cafes-wien\/#breadcrumb","itemListElement":[{"@type":"ListItem","position":1,"name":"Home","item":"https:\/\/www.herold.at\/blog\/"},{"@type":"ListItem","position":2,"name":"Die 9 romantischsten Caf\u00e9s in Wien"}]},{"@type":"WebSite","@id":"https:\/\/www.herold.at\/blog\/#website","url":"https:\/\/www.herold.at\/blog\/","name":"Herold Blog","description":"Ratgeber &amp; Blog von herold.at","potentialAction":[{"@type":"SearchAction","target":{"@type":"EntryPoint","urlTemplate":"https:\/\/www.herold.at\/blog\/?s={search_term_string}"},"query-input":"required name=search_term_string"}],"inLanguage":"de-DE"},{"@type":"Person","@id":"https:\/\/www.herold.at\/blog\/#\/schema\/person\/f6c20deadc760cca61c5bab452524fef","name":"Lilli Koisser","url":"https:\/\/www.herold.at\/blog\/author\/lilli-koisser\/"}]}},"fimg_url":"https:\/\/www.herold.at\/blog\/wp-content\/uploads\/2018\/01\/Romantische-Cafes-beste-Kaffeehaeuser-Wien-marioav-830px-Beitragsbild-560x360.jpg","_links":{"self":[{"href":"https:\/\/www.herold.at\/blog\/wp-json\/wp\/v2\/posts\/16876"}],"collection":[{"href":"https:\/\/www.herold.at\/blog\/wp-json\/wp\/v2\/posts"}],"about":[{"href":"https:\/\/www.herold.at\/blog\/wp-json\/wp\/v2\/types\/post"}],"author":[{"embeddable":true,"href":"https:\/\/www.herold.at\/blog\/wp-json\/wp\/v2\/users\/186"}],"replies":[{"embeddable":true,"href":"https:\/\/www.herold.at\/blog\/wp-json\/wp\/v2\/comments?post=16876"}],"version-history":[{"count":78,"href":"https:\/\/www.herold.at\/blog\/wp-json\/wp\/v2\/posts\/16876\/revisions"}],"predecessor-version":[{"id":252126,"href":"https:\/\/www.herold.at\/blog\/wp-json\/wp\/v2\/posts\/16876\/revisions\/252126"}],"wp:featuredmedia":[{"embeddable":true,"href":"https:\/\/www.herold.at\/blog\/wp-json\/wp\/v2\/media\/164536"}],"wp:attachment":[{"href":"https:\/\/www.herold.at\/blog\/wp-json\/wp\/v2\/media?parent=16876"}],"wp:term":[{"taxonomy":"category","embeddable":true,"href":"https:\/\/www.herold.at\/blog\/wp-json\/wp\/v2\/categories?post=16876"},{"taxonomy":"post_tag","embeddable":true,"href":"https:\/\/www.herold.at\/blog\/wp-json\/wp\/v2\/tags?post=16876"}],"curies":[{"name":"wp","href":"https:\/\/api.w.org\/{rel}","templated":true}]}}