{"id":243822,"date":"2021-09-02T15:27:19","date_gmt":"2021-09-02T13:27:19","guid":{"rendered":"https:\/\/www.herold.at\/blog\/?p=243822"},"modified":"2021-09-02T15:27:21","modified_gmt":"2021-09-02T13:27:21","slug":"gute-taten-internationaler-tag-der-wohltaetigkeit","status":"publish","type":"post","link":"https:\/\/www.herold.at\/blog\/gute-taten-internationaler-tag-der-wohltaetigkeit\/","title":{"rendered":"Gute Taten: Internationaler Tag der Wohlt\u00e4tigkeit"},"content":{"rendered":"\n<h1 class=\"wp-block-heading\"><strong>Gute Taten:<\/strong><br>Internationaler Tag der Wohlt\u00e4tigkeit<\/h1>\n\n\n\n\n\n<p>Die Band Nickelback sang in ihrem Lied &#8220;If everyone cared&#8221; einmal:<\/p>\n\n\n\n<p>&#8220;If everyone cared and nobody cried<br> If everyone loved and nobody lied<br> If everyone shared and swallowed their pride<br> Then we\u2032d see the day, when nobody died&#8221; <sup>1<\/sup><\/p>\n\n\n\n<p>Sie singen hier von Friede und Zusammenhalt, aber auch davon, sich um andere zu k\u00fcmmern. Doch auch eine insgesamt bessere Welt wird an dieser Stelle thematisiert. Und genau hier setzt auch die Wohlt\u00e4tigkeit an: Gute Taten sollen uns zu einem besseren Zusammenleben verhelfen. Doch nicht nur das: Gute Taten tun auch uns selbst sehr gut.<\/p>\n\n\n\n<div class=\"wp-block-columns is-layout-flex wp-container-7 wp-block-columns-is-layout-flex\">\n<div class=\"wp-block-column is-layout-flow wp-block-column-is-layout-flow\" style=\"flex-basis:66.66%\">\n\n\n\n<h2 class=\"wp-block-heading\">Einer f\u00fcr alle, alle f\u00fcr einen<\/h2>\n\n\n\n<p>Gute Taten und Wohlt\u00e4tigkeit kannst du im Gro\u00dfen und im Kleinen aus\u00fcben. Dazu z\u00e4hlen eine <a title=\"Zu Weihnachten spenden\" href=\"https:\/\/www.herold.at\/blog\/weihnachten-spenden-spendenaktion\/\" target=\"_blank\" rel=\"noreferrer noopener\">finanzielle Spende<\/a>, das Schenken von Zeit, ein offenes Ohr und Unterst\u00fctzung.<\/p>\n\n\n\n<p>Du kannst ehrenamtlich arbeiten oder dich auf Demonstrationen f\u00fcr Menschenrechte einsetzen. Alternativ kannst du Petitionen (z. B. f\u00fcr den Schutz der Umwelt) unterschreiben oder Geld\/Kleidung spenden. In Pflegeheimen Zeit mit alten Menschen zu verbringen und ihnen damit Freude zu schenken, ist eine weitere M\u00f6glichkeit. <\/p>\n\n\n\n<p>Au\u00dferdem kannst du mit Hunden aus dem Tierheim Gassi gehen bzw. dich generell um Tiere k\u00fcmmern. Oder du hilfst jemandem, die Eink\u00e4ufe zu tragen. Das alles f\u00e4llt in die Kategorie &#8220;Gute Taten\/Wohlt\u00e4tigkeit&#8221;.<\/p>\n\n\n\n<p>Die <strong>M\u00f6glichkeiten<\/strong>, dich zu engagieren, sind also schier <strong>endlos<\/strong>. Wichtig bei der Wohlt\u00e4tigkeit: <strong>Du erwartest keine Gegenleistung<\/strong>. Denn in diesem Bereich sind zwei Dinge Bezahlung genug: ein ernst gemeintes &#8220;Danke&#8221; und ein von Herzen kommendes L\u00e4cheln. Oder eben ein fr\u00f6hliches &#8220;Wuff&#8221;. Und ganz ehrlich: Diese Dinge machen auch den eigenen Tag ein St\u00fcckchen besser.<\/p>\n\n\n\n<h2 class=\"wp-block-heading\">05.09. &#8211; Internationaler Tag der Wohlt\u00e4tigkeit<\/h2>\n\n\n\n<p>Um auf all diese Aspekte hinzuweisen, wird <strong>auf der ganzen Welt<\/strong> der Tag der Wohlt\u00e4tigkeit gefeiert. Er soll deutlich machen, wie wichtig gute Taten und ehrenamtliches Engagement sind.<\/p>\n\n\n\n<div id=\"block_border_block_612f6a30827cf\" class=\"block_highlight_wrapper flex_wrapper herold_gelb review rem2\" itemscope itemtype=\"https:\/\/schema.org\/Article\" >\n \n <img decoding=\"async\" src=\"https:\/\/www.herold.at\/blog\/wp-content\/uploads\/2020\/03\/Avatar-w-3-200x200.jpg\" class=\"herold_avatar \" alt=\"Gute Taten\" title=\"Avatar-w-3\" itemprop=\"image\" >\n \n <div class=\"review_inner_wrapper\">\n <p>Wusstest du schon,&#8230;<\/p>\n<p>&#8230;dass der Tag der Wohlt\u00e4tigkeit nicht zuf\u00e4llig auf den 05. September f\u00e4llt?<\/p>\n<p>Der 05.09.1997 war der Todestag von Mutter Theresa. Diese hat sich zu Lebzeiten sehr f\u00fcr andere Menschen eingesetzt, besonders f\u00fcr Kranke, Obdachlose und Notleidende. Somit r\u00fcckt der Internationale Tag der Wohlt\u00e4tigkeit nicht nur gute Taten allgemein in den Mittelpunkt, sondern ehrt gleichzeitig auch eine ihrer gr\u00f6\u00dften Verfechterinnen.<\/p>\n <\/div>\n<\/div>\n\n\n\n\n\n<h3 class=\"wp-block-heading\">Wo und in welcher Form kann man sich engagieren?<\/h3>\n\n\n\n<p>Hast du die Wohlt\u00e4tigkeit f\u00fcr dich entdeckt und willst jemandem Freude schenken? Du wei\u00dft aber noch nicht genau, wo du ansetzen kannst? Du willst dabei noch ein bisschen mehr tun, als gute Taten im Alltag zu vollbringen? Dann gibt es auf deiner Suche nach Ideen drei Herangehensweisen: <\/p>\n\n\n\n<h4 class=\"wp-block-heading\">1) Deine F\u00e4higkeiten<\/h4>\n\n\n\n<p>Du kannst dir \u00fcberlegen, <strong>wo deine eigenen F\u00e4higkeiten <\/strong>liegen und wie sie auf ehrenamtlicher Ebene helfen k\u00f6nnen. <\/p>\n\n\n\n<p>Schreibst du gerne? Dann kannst du dir eine Organisation suchen, die Blog-Artikel verfasst, um auf gewisse Themen aufmerksam zu machen. Bei diesen kannst du dann ehrenamtlich dein <strong>schreiberisches Talent<\/strong> einsetzen. <\/p>\n\n\n\n<p>Bist du sehr <strong>kommunikativ<\/strong>? Dann kannst du zum Beispiel in Obdachlosen- oder <a href=\"https:\/\/www.herold.at\/blog\/pflegeheime-altersheime-wien\/\" target=\"_blank\" rel=\"noreferrer noopener\">Altenheimen<\/a> mithelfen. Du kannst mit den Menschen in Kontakt treten und ihnen mit deiner offenen Art den Tag vers\u00fc\u00dfen.<\/p>\n\n\n\n<p>Du sprichst mehrere <strong>Sprachen<\/strong>? Viele Organisationen haben beispielsweise Kinderd\u00f6rfer im Ausland. F\u00fcr die Kinder dort kann man oft eine Patenschaft \u00fcbernehmen und einen Briefwechsel mit ihnen eingehen. Dort helfen deine Fremdsprachenkenntnisse, denn du kannst diese Briefe ehrenamtlich \u00fcbersetzen.<\/p>\n\n\n\n<figure class=\"wp-block-image size-large is-resized\"><img decoding=\"async\" loading=\"lazy\" src=\"https:\/\/www.herold.at\/blog\/wp-content\/uploads\/2021\/09\/Gute-Taten.-Adobe-Stock-c-Svetlana-700x466.jpg\" alt=\"Gute Taten und Wohlt\u00e4tigkeit\" class=\"wp-image-244050\" width=\"876\" height=\"583\" srcset=\"https:\/\/www.herold.at\/blog\/wp-content\/uploads\/2021\/09\/Gute-Taten.-Adobe-Stock-c-Svetlana-700x466.jpg 700w, https:\/\/www.herold.at\/blog\/wp-content\/uploads\/2021\/09\/Gute-Taten.-Adobe-Stock-c-Svetlana-250x167.jpg 250w, https:\/\/www.herold.at\/blog\/wp-content\/uploads\/2021\/09\/Gute-Taten.-Adobe-Stock-c-Svetlana-768x512.jpg 768w, https:\/\/www.herold.at\/blog\/wp-content\/uploads\/2021\/09\/Gute-Taten.-Adobe-Stock-c-Svetlana-400x266.jpg 400w, https:\/\/www.herold.at\/blog\/wp-content\/uploads\/2021\/09\/Gute-Taten.-Adobe-Stock-c-Svetlana-750x500.jpg 750w, https:\/\/www.herold.at\/blog\/wp-content\/uploads\/2021\/09\/Gute-Taten.-Adobe-Stock-c-Svetlana.jpg 776w\" sizes=\"(max-width: 876px) 100vw, 876px\" \/><figcaption>Gute Taten vollbringen &#8211; Deine pers\u00f6nlichen St\u00e4rken helfen dir dabei. Foto: Adobe Stock (c) Svetlana<\/figcaption><\/figure>\n\n\n\n<h4 class=\"wp-block-heading\">2) Konkrete Organisationen und Verb\u00e4nde<\/h4>\n\n\n\n<p>Du kennst bereits Organisationen oder Verb\u00e4nde, deren Arbeit dich interessiert? Dann melde dich einfach bei ihnen und frag nach, ob du ehrenamtlich etwas tun kannst. Auch ein ehrenamtliches, unbezahltes <strong>Praktikum<\/strong> kann sich hier anbieten. Dabei kannst du nat\u00fcrlich auch einen Freund oder deine Familie nach Tipps fragen \u2014 Schwarmwissen ist immer gut.<\/p>\n\n\n\n<h4 class=\"wp-block-heading\">3) Interessensgebiete\/Thematische Felder<\/h4>\n\n\n\n<p>Du kannst<strong> gezielt nach thematischen Feldern suchen<\/strong>: Umweltschutz, Menschenrechte, Kinder-Hilfe, Unterst\u00fctzung von Flutopfern usw. Auch nach diesen Themenfeldern kannst du deine Suche gliedern und infrage kommende Organisationen heraussuchen. Diese werden dir sagen, wie du dich am besten einbringen und einen Beitrag leisten kannst. Das kann in Form von Kleiderspenden oder Geld, der Mitorganisation von Veranstaltungen, einer Lebensmittel-Spende usw. sein. Los geht&#8217;s!<\/p>\n\n\n\n<div style=\"height:66px\" aria-hidden=\"true\" class=\"wp-block-spacer\"><\/div>\n\n\n\n<p><sup>1<\/sup> Nickelback (2005).<em> If everyone cared<\/em>. <a href=\"https:\/\/www.songtexte.com\/songtext\/nickelback\/if-everyone-cared-43d68f8b.html\" target=\"_blank\" rel=\"noreferrer noopener\">https:\/\/www.songtexte.com\/songtext\/nickelback\/if-everyone-cared-43d68f8b.html<\/a>. Stand: 01.09.2021<\/p>\n\n\n\n<p><\/p>\n<\/div>\n\n\n\n<div class=\"wp-block-column blog_sidebar is-layout-flow wp-block-column-is-layout-flow\" style=\"flex-basis:33.33%\">\n<div class=\"wp-block-columns is-layout-flex wp-container-5 wp-block-columns-is-layout-flex\">\n<div class=\"wp-block-column is-layout-flow wp-block-column-is-layout-flow\" style=\"flex-basis:15%\"><div class=\"shariff shariff-align-flex-start shariff-widget-align-flex-start\"><ul class=\"shariff-buttons theme-round orientation-horizontal buttonsize-medium\"><li class=\"shariff-button facebook shariff-nocustomcolor\" style=\"background-color:#4273c8\"><a href=\"https:\/\/www.facebook.com\/sharer\/sharer.php?u=https%3A%2F%2Fwww.herold.at%2Fblog%2Fgute-taten-internationaler-tag-der-wohltaetigkeit%2F\" title=\"Bei Facebook teilen\" aria-label=\"Bei Facebook teilen\" role=\"button\" rel=\"nofollow\" class=\"shariff-link\" style=\"; background-color:#3b5998; color:#fff\" target=\"_blank\"><span class=\"shariff-icon\" style=\"\"><svg width=\"32px\" height=\"20px\" xmlns=\"http:\/\/www.w3.org\/2000\/svg\" viewBox=\"0 0 18 32\"><path fill=\"#3b5998\" d=\"M17.1 0.2v4.7h-2.8q-1.5 0-2.1 0.6t-0.5 1.9v3.4h5.2l-0.7 5.3h-4.5v13.6h-5.5v-13.6h-4.5v-5.3h4.5v-3.9q0-3.3 1.9-5.2t5-1.8q2.6 0 4.1 0.2z\"\/><\/svg><\/span><\/a><\/li><li class=\"shariff-button twitter shariff-nocustomcolor\" style=\"background-color:#32bbf5\"><a href=\"https:\/\/twitter.com\/share?url=https%3A%2F%2Fwww.herold.at%2Fblog%2Fgute-taten-internationaler-tag-der-wohltaetigkeit%2F&text=Gute%20Taten%3A%20Internationaler%20Tag%20der%20Wohlt%C3%A4tigkeit\" title=\"Bei Twitter teilen\" aria-label=\"Bei Twitter teilen\" role=\"button\" rel=\"noopener nofollow\" class=\"shariff-link\" style=\"; background-color:#55acee; color:#fff\" target=\"_blank\"><span class=\"shariff-icon\" style=\"\"><svg width=\"32px\" height=\"20px\" xmlns=\"http:\/\/www.w3.org\/2000\/svg\" viewBox=\"0 0 30 32\"><path fill=\"#55acee\" d=\"M29.7 6.8q-1.2 1.8-3 3.1 0 0.3 0 0.8 0 2.5-0.7 4.9t-2.2 4.7-3.5 4-4.9 2.8-6.1 1q-5.1 0-9.3-2.7 0.6 0.1 1.5 0.1 4.3 0 7.6-2.6-2-0.1-3.5-1.2t-2.2-3q0.6 0.1 1.1 0.1 0.8 0 1.6-0.2-2.1-0.4-3.5-2.1t-1.4-3.9v-0.1q1.3 0.7 2.8 0.8-1.2-0.8-2-2.2t-0.7-2.9q0-1.7 0.8-3.1 2.3 2.8 5.5 4.5t7 1.9q-0.2-0.7-0.2-1.4 0-2.5 1.8-4.3t4.3-1.8q2.7 0 4.5 1.9 2.1-0.4 3.9-1.5-0.7 2.2-2.7 3.4 1.8-0.2 3.5-0.9z\"\/><\/svg><\/span><\/a><\/li><li class=\"shariff-button linkedin shariff-nocustomcolor\" style=\"background-color:#1488bf\"><a href=\"https:\/\/www.linkedin.com\/sharing\/share-offsite\/?url=https%3A%2F%2Fwww.herold.at%2Fblog%2Fgute-taten-internationaler-tag-der-wohltaetigkeit%2F\" title=\"Bei LinkedIn teilen\" aria-label=\"Bei LinkedIn teilen\" role=\"button\" rel=\"noopener nofollow\" class=\"shariff-link\" style=\"; background-color:#0077b5; color:#fff\" target=\"_blank\"><span class=\"shariff-icon\" style=\"\"><svg width=\"32px\" height=\"20px\" xmlns=\"http:\/\/www.w3.org\/2000\/svg\" viewBox=\"0 0 27 32\"><path fill=\"#0077b5\" d=\"M6.2 11.2v17.7h-5.9v-17.7h5.9zM6.6 5.7q0 1.3-0.9 2.2t-2.4 0.9h0q-1.5 0-2.4-0.9t-0.9-2.2 0.9-2.2 2.4-0.9 2.4 0.9 0.9 2.2zM27.4 18.7v10.1h-5.9v-9.5q0-1.9-0.7-2.9t-2.3-1.1q-1.1 0-1.9 0.6t-1.2 1.5q-0.2 0.5-0.2 1.4v9.9h-5.9q0-7.1 0-11.6t0-5.3l0-0.9h5.9v2.6h0q0.4-0.6 0.7-1t1-0.9 1.6-0.8 2-0.3q3 0 4.9 2t1.9 6z\"\/><\/svg><\/span><\/a><\/li><li class=\"shariff-button xing shariff-nocustomcolor\" style=\"background-color:#29888a\"><a href=\"https:\/\/www.xing.com\/spi\/shares\/new?url=https%3A%2F%2Fwww.herold.at%2Fblog%2Fgute-taten-internationaler-tag-der-wohltaetigkeit%2F\" title=\"Bei XING teilen\" aria-label=\"Bei XING teilen\" role=\"button\" rel=\"noopener nofollow\" class=\"shariff-link\" style=\"; background-color:#126567; color:#fff\" target=\"_blank\"><span class=\"shariff-icon\" style=\"\"><svg width=\"32px\" height=\"20px\" xmlns=\"http:\/\/www.w3.org\/2000\/svg\" viewBox=\"0 0 25 32\"><path fill=\"#126567\" d=\"M10.7 11.9q-0.2 0.3-4.6 8.2-0.5 0.8-1.2 0.8h-4.3q-0.4 0-0.5-0.3t0-0.6l4.5-8q0 0 0 0l-2.9-5q-0.2-0.4 0-0.7 0.2-0.3 0.5-0.3h4.3q0.7 0 1.2 0.8zM25.1 0.4q0.2 0.3 0 0.7l-9.4 16.7 6 11q0.2 0.4 0 0.6-0.2 0.3-0.6 0.3h-4.3q-0.7 0-1.2-0.8l-6-11.1q0.3-0.6 9.5-16.8 0.4-0.8 1.2-0.8h4.3q0.4 0 0.5 0.3z\"\/><\/svg><\/span><\/a><\/li><li class=\"shariff-button mailto shariff-nocustomcolor\" style=\"background-color:#a8a8a8\"><a href=\"mailto:?body=https%3A%2F%2Fwww.herold.at%2Fblog%2Fgute-taten-internationaler-tag-der-wohltaetigkeit%2F&subject=Gute%20Taten%3A%20Internationaler%20Tag%20der%20Wohlt%C3%A4tigkeit\" title=\"Per E-Mail versenden\" aria-label=\"Per E-Mail versenden\" role=\"button\" rel=\"noopener nofollow\" class=\"shariff-link\" style=\"; background-color:#999; color:#fff\"><span class=\"shariff-icon\" style=\"\"><svg width=\"32px\" height=\"20px\" xmlns=\"http:\/\/www.w3.org\/2000\/svg\" viewBox=\"0 0 32 32\"><path fill=\"#999\" d=\"M32 12.7v14.2q0 1.2-0.8 2t-2 0.9h-26.3q-1.2 0-2-0.9t-0.8-2v-14.2q0.8 0.9 1.8 1.6 6.5 4.4 8.9 6.1 1 0.8 1.6 1.2t1.7 0.9 2 0.4h0.1q0.9 0 2-0.4t1.7-0.9 1.6-1.2q3-2.2 8.9-6.1 1-0.7 1.8-1.6zM32 7.4q0 1.4-0.9 2.7t-2.2 2.2q-6.7 4.7-8.4 5.8-0.2 0.1-0.7 0.5t-1 0.7-0.9 0.6-1.1 0.5-0.9 0.2h-0.1q-0.4 0-0.9-0.2t-1.1-0.5-0.9-0.6-1-0.7-0.7-0.5q-1.6-1.1-4.7-3.2t-3.6-2.6q-1.1-0.7-2.1-2t-1-2.5q0-1.4 0.7-2.3t2.1-0.9h26.3q1.2 0 2 0.8t0.9 2z\"\/><\/svg><\/span><\/a><\/li><li class=\"shariff-button sms shariff-nocustomcolor shariff-mobile\" style=\"background-color:#d7d9d8\"><a href=\"sms:?&body=https%3A%2F%2Fwww.herold.at%2Fblog%2Fgute-taten-internationaler-tag-der-wohltaetigkeit%2F\" title=\"Per SMS teilen\" aria-label=\"Per SMS teilen\" role=\"button\" rel=\"noopener nofollow\" class=\"shariff-link\" style=\"; background-color:#a1e877; color:#fff\" target=\"_blank\"><span class=\"shariff-icon\" style=\"\"><svg xmlns=\"http:\/\/www.w3.org\/2000\/svg\" width=\"510\" height=\"510\" viewBox=\"0 0 510 510\"><path fill=\"#a1e877\" d=\"M459 0H51C23 0 0 23 0 51v459l102-102h357c28.1 0 51-22.9 51-51V51C510 23 487.1 0 459 0zM178.5 229.5h-51v-51h51V229.5zM280.5 229.5h-51v-51h51V229.5zM382.5 229.5h-51v-51h51V229.5z\"\/><\/svg><\/span><\/a><\/li><li class=\"shariff-button whatsapp shariff-nocustomcolor\" style=\"background-color:#5cbe4a\"><a href=\"https:\/\/api.whatsapp.com\/send?text=https%3A%2F%2Fwww.herold.at%2Fblog%2Fgute-taten-internationaler-tag-der-wohltaetigkeit%2F%20Gute%20Taten%3A%20Internationaler%20Tag%20der%20Wohlt%C3%A4tigkeit\" title=\"Bei Whatsapp teilen\" aria-label=\"Bei Whatsapp teilen\" role=\"button\" rel=\"noopener nofollow\" class=\"shariff-link\" style=\"; background-color:#34af23; color:#fff\" target=\"_blank\"><span class=\"shariff-icon\" style=\"\"><svg width=\"32px\" height=\"20px\" xmlns=\"http:\/\/www.w3.org\/2000\/svg\" viewBox=\"0 0 32 32\"><path fill=\"#34af23\" d=\"M17.6 17.4q0.2 0 1.7 0.8t1.6 0.9q0 0.1 0 0.3 0 0.6-0.3 1.4-0.3 0.7-1.3 1.2t-1.8 0.5q-1 0-3.4-1.1-1.7-0.8-3-2.1t-2.6-3.3q-1.3-1.9-1.3-3.5v-0.1q0.1-1.6 1.3-2.8 0.4-0.4 0.9-0.4 0.1 0 0.3 0t0.3 0q0.3 0 0.5 0.1t0.3 0.5q0.1 0.4 0.6 1.6t0.4 1.3q0 0.4-0.6 1t-0.6 0.8q0 0.1 0.1 0.3 0.6 1.3 1.8 2.4 1 0.9 2.7 1.8 0.2 0.1 0.4 0.1 0.3 0 1-0.9t0.9-0.9zM14 26.9q2.3 0 4.3-0.9t3.6-2.4 2.4-3.6 0.9-4.3-0.9-4.3-2.4-3.6-3.6-2.4-4.3-0.9-4.3 0.9-3.6 2.4-2.4 3.6-0.9 4.3q0 3.6 2.1 6.6l-1.4 4.2 4.3-1.4q2.8 1.9 6.2 1.9zM14 2.2q2.7 0 5.2 1.1t4.3 2.9 2.9 4.3 1.1 5.2-1.1 5.2-2.9 4.3-4.3 2.9-5.2 1.1q-3.5 0-6.5-1.7l-7.4 2.4 2.4-7.2q-1.9-3.2-1.9-6.9 0-2.7 1.1-5.2t2.9-4.3 4.3-2.9 5.2-1.1z\"\/><\/svg><\/span><\/a><\/li><\/ul><\/div>\n<\/div>\n\n\n\n<div class=\"wp-block-column is-layout-flow wp-block-column-is-layout-flow\" style=\"flex-basis:85%\">\n\n<div id=\"content-right_column_post-block_612f4afe827cd\" class=\"flex_wrapper right_column_post \">\n <div class=\"right_author_infos shadow\" itemscope itemtype=\"https:\/\/schema.org\/Person\">\n <div class=\"blurred_header_img_wrapper\">\n <img decoding=\"async\" class=\"blurred_header_img\" src=\"\" alt=\"\" title=\"\">\n <\/div>\n \n <img decoding=\"async\" class=\"author_profile_img\" src=\"\" alt=\"\" title=\"\" itemprop=\"image\">\n <p class=\"right_author_name\" itemprop=\"name\"><\/p>\n <meta itemprop=\"jobTitle\" content=\"\">\n\n <p class=\"right_author_role\"><\/p>\n <\/div>\n \n <style>\n .ew__iframe{\n aspect-ratio:212 \/ 177}\n .iframe__container{\n position:relative;\n}\n .iframe__container a{\n position:absolute !important;\n width:100% !important;\n height:100% !important;\n padding:0 !important;\n left:0;\n top:0;\n z-index:15;\n border:0!important\n}\n .iframe__container iframe{\n overflow:hidden;\n border-radius:30px;\n}\n @media (max-width:1024px){\n .iframe__container iframe{\n width:100%!important;\n}\n}\n <\/style>\n <div class=\"iframe__container\">\n <a href=\"https:\/\/www.herold.at\/marketing\/onlinecomplete\/herold-sichtbarkeits-check?utm_source=herold_b2c_blog&#038;utm_campaign=b2c_blog_sidebar&#038;utm_content=handy_check_statisch&#038;utm_medium=gute-taten-internationaler-tag-der-wohltaetigkeit\" target=\"_blank\"><\/a> \n <iframe loading=\"lazy\" class=\"ew__iframe\" src=\"https:\/\/www.herold.at\/blog\/wp-content\/themes\/heroldblog\/banner_ads\/Statsich_HTML5\/index.html\" frameborder=\"0\" height=\"100%\" width=\"100%\"><\/iframe>\n <\/div>\n <\/div>\n<\/div>\n<\/div>\n<\/div>\n<\/div>\n","protected":false},"excerpt":{"rendered":"<p>Gute Taten:Internationaler Tag der Wohlt\u00e4tigkeit Die Band Nickelback sang in ihrem Lied &#8220;If everyone cared&#8221; einmal: &#8220;If everyone cared and nobody cried If everyone loved and nobody lied If everyone shared and swallowed their pride Then we\u2032d see the day, when nobody died&#8221; 1 Sie singen hier von Friede und Zusammenhalt, aber auch davon, sich um andere zu k\u00fcmmern. Doch auch eine insgesamt bessere Welt wird an dieser Stelle thematisiert. Und genau hier setzt auch die Wohlt\u00e4tigkeit an: Gute Taten sollen uns zu einem besseren Zusammenleben verhelfen. Doch nicht nur das: Gute Taten tun auch uns selbst sehr gut. Einer f\u00fcr alle, alle f\u00fcr einen Gute Taten und Wohlt\u00e4tigkeit kannst du im Gro\u00dfen und im Kleinen aus\u00fcben. Dazu z\u00e4hlen eine finanzielle Spende, das Schenken von Zeit, ein offenes Ohr und Unterst\u00fctzung. Du kannst ehrenamtlich arbeiten oder dich auf Demonstrationen f\u00fcr Menschenrechte einsetzen. Alternativ kannst du Petitionen (z. B. f\u00fcr den Schutz der Umwelt) unterschreiben oder Geld\/Kleidung spenden. In Pflegeheimen Zeit mit alten Menschen zu verbringen und ihnen damit Freude zu schenken, ist eine weitere M\u00f6glichkeit. Au\u00dferdem kannst du mit Hunden aus dem Tierheim Gassi gehen bzw. dich generell um Tiere k\u00fcmmern. Oder du hilfst jemandem, die Eink\u00e4ufe zu tragen. Das alles f\u00e4llt in die Kategorie &#8220;Gute Taten\/Wohlt\u00e4tigkeit&#8221;. Die M\u00f6glichkeiten, dich zu engagieren, sind also schier endlos. Wichtig bei der Wohlt\u00e4tigkeit: Du erwartest keine Gegenleistung. Denn in diesem Bereich sind zwei Dinge Bezahlung genug: ein ernst gemeintes &#8220;Danke&#8221; und ein von Herzen kommendes L\u00e4cheln. Oder eben ein fr\u00f6hliches &#8220;Wuff&#8221;. Und ganz ehrlich: Diese Dinge machen auch den eigenen Tag ein St\u00fcckchen besser. 05.09. &#8211; Internationaler Tag der Wohlt\u00e4tigkeit Um auf all diese Aspekte hinzuweisen, wird auf der ganzen Welt der Tag der Wohlt\u00e4tigkeit gefeiert. Er soll deutlich machen, wie wichtig gute Taten und ehrenamtliches Engagement sind. Wo und in welcher Form kann man sich engagieren? Hast du die Wohlt\u00e4tigkeit f\u00fcr dich entdeckt und willst jemandem Freude schenken? Du wei\u00dft aber noch nicht genau, wo du ansetzen kannst? Du willst dabei noch ein bisschen mehr tun, als gute Taten im Alltag zu vollbringen? Dann gibt es auf deiner Suche nach Ideen drei Herangehensweisen: 1) Deine F\u00e4higkeiten Du kannst dir \u00fcberlegen, wo deine eigenen F\u00e4higkeiten liegen und wie sie auf ehrenamtlicher Ebene helfen k\u00f6nnen. Schreibst du gerne? Dann kannst du dir eine Organisation suchen, die Blog-Artikel verfasst, um auf gewisse Themen aufmerksam zu machen. Bei diesen kannst du dann ehrenamtlich dein schreiberisches Talent einsetzen. Bist du sehr kommunikativ? Dann kannst du zum Beispiel in Obdachlosen- oder Altenheimen mithelfen. Du kannst mit den Menschen in Kontakt treten und ihnen mit deiner offenen Art den Tag vers\u00fc\u00dfen. Du sprichst mehrere Sprachen? Viele Organisationen haben beispielsweise Kinderd\u00f6rfer im Ausland. F\u00fcr die Kinder dort kann man oft eine Patenschaft \u00fcbernehmen und einen Briefwechsel mit ihnen eingehen. Dort helfen deine Fremdsprachenkenntnisse, denn du kannst diese Briefe ehrenamtlich \u00fcbersetzen. 2) Konkrete Organisationen und Verb\u00e4nde Du kennst bereits Organisationen oder Verb\u00e4nde, deren Arbeit dich interessiert? Dann melde dich einfach bei ihnen und frag nach, ob du ehrenamtlich etwas tun kannst. [&hellip;]<\/p>\n","protected":false},"author":180,"featured_media":243993,"comment_status":"open","ping_status":"closed","sticky":false,"template":"","format":"standard","meta":{"inline_featured_image":false,"footnotes":""},"categories":[60343],"tags":[],"acf":[],"yoast_head":"\n<title>Gute Taten: Internationaler Tag der Wohlt\u00e4tigkeit - HEROLD<\/title>\n<meta name=\"description\" content=\"Gute Taten haben viele Gesichter - Und der Internationale Tag der Wohlt\u00e4tigkeit feiert sie. Welche genau? Und wie kannst auch du dich engagieren?\" \/>\n<meta name=\"robots\" content=\"index, follow, max-snippet:-1, max-image-preview:large, max-video-preview:-1\" \/>\n<link rel=\"canonical\" href=\"https:\/\/www.herold.at\/blog\/gute-taten-internationaler-tag-der-wohltaetigkeit\/\" \/>\n<meta property=\"og:locale\" content=\"de_DE\" \/>\n<meta property=\"og:type\" content=\"article\" \/>\n<meta property=\"og:title\" content=\"Gute Taten: Internationaler Tag der Wohlt\u00e4tigkeit - HEROLD\" \/>\n<meta property=\"og:description\" content=\"Gute Taten haben viele Gesichter - Und der Internationale Tag der Wohlt\u00e4tigkeit feiert sie. Welche genau? Und wie kannst auch du dich engagieren?\" \/>\n<meta property=\"og:url\" content=\"https:\/\/www.herold.at\/blog\/gute-taten-internationaler-tag-der-wohltaetigkeit\/\" \/>\n<meta property=\"og:site_name\" content=\"Herold Blog\" \/>\n<meta property=\"article:publisher\" content=\"https:\/\/www.facebook.com\/derherold\" \/>\n<meta property=\"article:published_time\" content=\"2021-09-02T13:27:19+00:00\" \/>\n<meta property=\"article:modified_time\" content=\"2021-09-02T13:27:21+00:00\" \/>\n<meta property=\"og:image\" content=\"https:\/\/www.herold.at\/blog\/wp-content\/uploads\/2021\/09\/Gute-Taten_Wohltaetigkeit.-Adobe-Stock-c-Studio-Romantic.jpg\" \/>\n\t<meta property=\"og:image:width\" content=\"1120\" \/>\n\t<meta property=\"og:image:height\" content=\"499\" \/>\n\t<meta property=\"og:image:type\" content=\"image\/jpeg\" \/>\n<meta name=\"author\" content=\"Julia Jaekel\" \/>\n<meta name=\"twitter:label1\" content=\"Verfasst von\" \/>\n\t<meta name=\"twitter:data1\" content=\"Julia Jaekel\" \/>\n\t<meta name=\"twitter:label2\" content=\"Gesch\u00e4tzte Lesezeit\" \/>\n\t<meta name=\"twitter:data2\" content=\"3 Minuten\" \/>\n<script type=\"application\/ld+json\" class=\"yoast-schema-graph\">{\"@context\":\"https:\/\/schema.org\",\"@graph\":[{\"@type\":\"WebPage\",\"@id\":\"https:\/\/www.herold.at\/blog\/gute-taten-internationaler-tag-der-wohltaetigkeit\/\",\"url\":\"https:\/\/www.herold.at\/blog\/gute-taten-internationaler-tag-der-wohltaetigkeit\/\",\"name\":\"Gute Taten: Internationaler Tag der Wohlt\u00e4tigkeit - HEROLD\",\"isPartOf\":{\"@id\":\"https:\/\/www.herold.at\/blog\/#website\"},\"datePublished\":\"2021-09-02T13:27:19+00:00\",\"dateModified\":\"2021-09-02T13:27:21+00:00\",\"author\":{\"@id\":\"https:\/\/www.herold.at\/blog\/#\/schema\/person\/d4c2a58b6cafd6461bf963059494e07b\"},\"description\":\"Gute Taten haben viele Gesichter - Und der Internationale Tag der Wohlt\u00e4tigkeit feiert sie. Welche genau? Und wie kannst auch du dich engagieren?\",\"breadcrumb\":{\"@id\":\"https:\/\/www.herold.at\/blog\/gute-taten-internationaler-tag-der-wohltaetigkeit\/#breadcrumb\"},\"inLanguage\":\"de-DE\",\"potentialAction\":[{\"@type\":\"ReadAction\",\"target\":[\"https:\/\/www.herold.at\/blog\/gute-taten-internationaler-tag-der-wohltaetigkeit\/\"]}]},{\"@type\":\"BreadcrumbList\",\"@id\":\"https:\/\/www.herold.at\/blog\/gute-taten-internationaler-tag-der-wohltaetigkeit\/#breadcrumb\",\"itemListElement\":[{\"@type\":\"ListItem\",\"position\":1,\"name\":\"Home\",\"item\":\"https:\/\/www.herold.at\/blog\/\"},{\"@type\":\"ListItem\",\"position\":2,\"name\":\"Gute Taten: Internationaler Tag der Wohlt\u00e4tigkeit\"}]},{\"@type\":\"WebSite\",\"@id\":\"https:\/\/www.herold.at\/blog\/#website\",\"url\":\"https:\/\/www.herold.at\/blog\/\",\"name\":\"Herold Blog\",\"description\":\"Ratgeber &amp; Blog von herold.at\",\"potentialAction\":[{\"@type\":\"SearchAction\",\"target\":{\"@type\":\"EntryPoint\",\"urlTemplate\":\"https:\/\/www.herold.at\/blog\/?s={search_term_string}\"},\"query-input\":\"required name=search_term_string\"}],\"inLanguage\":\"de-DE\"},{\"@type\":\"Person\",\"@id\":\"https:\/\/www.herold.at\/blog\/#\/schema\/person\/d4c2a58b6cafd6461bf963059494e07b\",\"name\":\"Julia Jaekel\",\"url\":\"https:\/\/www.herold.at\/blog\/author\/j-jaekel\/\"}]}<\/script>\n","yoast_head_json":{"title":"Gute Taten: Internationaler Tag der Wohlt\u00e4tigkeit - HEROLD","description":"Gute Taten haben viele Gesichter - Und der Internationale Tag der Wohlt\u00e4tigkeit feiert sie. Welche genau? Und wie kannst auch du dich engagieren?","robots":{"index":"index","follow":"follow","max-snippet":"max-snippet:-1","max-image-preview":"max-image-preview:large","max-video-preview":"max-video-preview:-1"},"canonical":"https:\/\/www.herold.at\/blog\/gute-taten-internationaler-tag-der-wohltaetigkeit\/","og_locale":"de_DE","og_type":"article","og_title":"Gute Taten: Internationaler Tag der Wohlt\u00e4tigkeit - HEROLD","og_description":"Gute Taten haben viele Gesichter - Und der Internationale Tag der Wohlt\u00e4tigkeit feiert sie. Welche genau? Und wie kannst auch du dich engagieren?","og_url":"https:\/\/www.herold.at\/blog\/gute-taten-internationaler-tag-der-wohltaetigkeit\/","og_site_name":"Herold Blog","article_publisher":"https:\/\/www.facebook.com\/derherold","article_published_time":"2021-09-02T13:27:19+00:00","article_modified_time":"2021-09-02T13:27:21+00:00","og_image":[{"width":1120,"height":499,"url":"https:\/\/www.herold.at\/blog\/wp-content\/uploads\/2021\/09\/Gute-Taten_Wohltaetigkeit.-Adobe-Stock-c-Studio-Romantic.jpg","type":"image\/jpeg"}],"author":"Julia Jaekel","twitter_misc":{"Verfasst von":"Julia Jaekel","Gesch\u00e4tzte Lesezeit":"3 Minuten"},"schema":{"@context":"https:\/\/schema.org","@graph":[{"@type":"WebPage","@id":"https:\/\/www.herold.at\/blog\/gute-taten-internationaler-tag-der-wohltaetigkeit\/","url":"https:\/\/www.herold.at\/blog\/gute-taten-internationaler-tag-der-wohltaetigkeit\/","name":"Gute Taten: Internationaler Tag der Wohlt\u00e4tigkeit - HEROLD","isPartOf":{"@id":"https:\/\/www.herold.at\/blog\/#website"},"datePublished":"2021-09-02T13:27:19+00:00","dateModified":"2021-09-02T13:27:21+00:00","author":{"@id":"https:\/\/www.herold.at\/blog\/#\/schema\/person\/d4c2a58b6cafd6461bf963059494e07b"},"description":"Gute Taten haben viele Gesichter - Und der Internationale Tag der Wohlt\u00e4tigkeit feiert sie. Welche genau? Und wie kannst auch du dich engagieren?","breadcrumb":{"@id":"https:\/\/www.herold.at\/blog\/gute-taten-internationaler-tag-der-wohltaetigkeit\/#breadcrumb"},"inLanguage":"de-DE","potentialAction":[{"@type":"ReadAction","target":["https:\/\/www.herold.at\/blog\/gute-taten-internationaler-tag-der-wohltaetigkeit\/"]}]},{"@type":"BreadcrumbList","@id":"https:\/\/www.herold.at\/blog\/gute-taten-internationaler-tag-der-wohltaetigkeit\/#breadcrumb","itemListElement":[{"@type":"ListItem","position":1,"name":"Home","item":"https:\/\/www.herold.at\/blog\/"},{"@type":"ListItem","position":2,"name":"Gute Taten: Internationaler Tag der Wohlt\u00e4tigkeit"}]},{"@type":"WebSite","@id":"https:\/\/www.herold.at\/blog\/#website","url":"https:\/\/www.herold.at\/blog\/","name":"Herold Blog","description":"Ratgeber &amp; Blog von herold.at","potentialAction":[{"@type":"SearchAction","target":{"@type":"EntryPoint","urlTemplate":"https:\/\/www.herold.at\/blog\/?s={search_term_string}"},"query-input":"required name=search_term_string"}],"inLanguage":"de-DE"},{"@type":"Person","@id":"https:\/\/www.herold.at\/blog\/#\/schema\/person\/d4c2a58b6cafd6461bf963059494e07b","name":"Julia Jaekel","url":"https:\/\/www.herold.at\/blog\/author\/j-jaekel\/"}]}},"fimg_url":"https:\/\/www.herold.at\/blog\/wp-content\/uploads\/2021\/09\/Gute-Taten_Wohltaetigkeit.-Adobe-Stock-c-Studio-Romantic-560x360.jpg","_links":{"self":[{"href":"https:\/\/www.herold.at\/blog\/wp-json\/wp\/v2\/posts\/243822"}],"collection":[{"href":"https:\/\/www.herold.at\/blog\/wp-json\/wp\/v2\/posts"}],"about":[{"href":"https:\/\/www.herold.at\/blog\/wp-json\/wp\/v2\/types\/post"}],"author":[{"embeddable":true,"href":"https:\/\/www.herold.at\/blog\/wp-json\/wp\/v2\/users\/180"}],"replies":[{"embeddable":true,"href":"https:\/\/www.herold.at\/blog\/wp-json\/wp\/v2\/comments?post=243822"}],"version-history":[{"count":41,"href":"https:\/\/www.herold.at\/blog\/wp-json\/wp\/v2\/posts\/243822\/revisions"}],"predecessor-version":[{"id":244311,"href":"https:\/\/www.herold.at\/blog\/wp-json\/wp\/v2\/posts\/243822\/revisions\/244311"}],"wp:featuredmedia":[{"embeddable":true,"href":"https:\/\/www.herold.at\/blog\/wp-json\/wp\/v2\/media\/243993"}],"wp:attachment":[{"href":"https:\/\/www.herold.at\/blog\/wp-json\/wp\/v2\/media?parent=243822"}],"wp:term":[{"taxonomy":"category","embeddable":true,"href":"https:\/\/www.herold.at\/blog\/wp-json\/wp\/v2\/categories?post=243822"},{"taxonomy":"post_tag","embeddable":true,"href":"https:\/\/www.herold.at\/blog\/wp-json\/wp\/v2\/tags?post=243822"}],"curies":[{"name":"wp","href":"https:\/\/api.w.org\/{rel}","templated":true}]}}